{"id":4959,"date":"2024-10-31T13:58:46","date_gmt":"2024-10-31T13:58:46","guid":{"rendered":"https:\/\/infogandia.es\/?p=4959"},"modified":"2024-10-31T13:58:46","modified_gmt":"2024-10-31T13:58:46","slug":"el-ayuntamiento-de-gandia-decreta-tres-dias-de-luto-oficial-por-las-victimas-de-la-dana","status":"publish","type":"post","link":"https:\/\/infogandia.es\/index.php\/2024\/10\/31\/el-ayuntamiento-de-gandia-decreta-tres-dias-de-luto-oficial-por-las-victimas-de-la-dana\/","title":{"rendered":"El Ayuntamiento de Gand\u00eda decreta tres d\u00edas de luto oficial por las v\u00edctimas de la DANA"},"content":{"rendered":"\n<p>El alcalde de Gand\u00eda, Jos\u00e9 Manuel Prieto, ha presidido esta ma\u00f1ana una Junta de Portavoces en la que ha anunciado la firma de un decreto que declara tres d\u00edas de luto oficial por las v\u00edctimas de la DANA. Esta decisi\u00f3n ha contado con el apoyo de todas las fuerzas pol\u00edticas representadas en el Consistorio.<\/p>\n\n\n\n<p>El decreto establece que desde las 00:00 horas de hoy, jueves, hasta las 24:00 horas del s\u00e1bado, 2 de noviembre de 2024, las banderas ondear\u00e1n a media asta y se suspender\u00e1n todos los actos organizados por el Ayuntamiento. Adem\u00e1s, se ha convocado un minuto de silencio para hoy a las 12:00 horas en la puerta del Ayuntamiento, en apoyo a las familias afectadas.<\/p>\n\n\n\n<p>El documento tambi\u00e9n expresa el respaldo de la ciudad a las v\u00edctimas y sus familias, as\u00ed como a todo el personal de los servicios de emergencia y seguridad, y pone a disposici\u00f3n de las administraciones todos los recursos humanos y materiales del Ayuntamiento.<\/p>\n\n\n\n<p>Asimismo, miembros de la Polic\u00eda Local han sido desplegados en las zonas afectadas para llevar a cabo tareas de prevenci\u00f3n, seguridad y asistencia, y estas labores continuar\u00e1n durante los pr\u00f3ximos d\u00edas seg\u00fan sea necesario.<\/p>\n\n\n\n<p>Por \u00faltimo, se informa que el Ayuntamiento ha habilitado un espacio en la Central de la Polic\u00eda Local (Gran Via Castell de Bair\u00e9n, 1) para que las personas que lo deseen puedan aportar ropa, mantas y alimentos no perecederos destinados a las poblaciones m\u00e1s afectadas.<\/p>\n","protected":false},"excerpt":{"rendered":"<p>El alcalde de Gand\u00eda, Jos\u00e9 Manuel Prieto, ha presidido esta ma\u00f1ana una Junta de Portavoces en la que ha anunciado la firma de un decreto que declara tres d\u00edas de luto oficial por las v\u00edctimas de la DANA. Esta decisi\u00f3n ha contado con el apoyo de todas las fuerzas pol\u00edticas representadas en el Consistorio. El&#8230;<\/p>\n","protected":false},"author":1,"featured_media":4960,"comment_status":"open","ping_status":"open","sticky":false,"template":"","format":"standard","meta":{"footnotes":""},"categories":[1,27],"tags":[],"class_list":["post-4959","post","type-post","status-publish","format-standard","has-post-thumbnail","hentry","category-actualidad","category-sociedad"],"_links":{"self":[{"href":"https:\/\/infogandia.es\/index.php\/wp-json\/wp\/v2\/posts\/4959","targetHints":{"allow":["GET"]}}],"collection":[{"href":"https:\/\/infogandia.es\/index.php\/wp-json\/wp\/v2\/posts"}],"about":[{"href":"https:\/\/infogandia.es\/index.php\/wp-json\/wp\/v2\/types\/post"}],"author":[{"embeddable":true,"href":"https:\/\/infogandia.es\/index.php\/wp-json\/wp\/v2\/users\/1"}],"replies":[{"embeddable":true,"href":"https:\/\/infogandia.es\/index.php\/wp-json\/wp\/v2\/comments?post=4959"}],"version-history":[{"count":1,"href":"https:\/\/infogandia.es\/index.php\/wp-json\/wp\/v2\/posts\/4959\/revisions"}],"predecessor-version":[{"id":4961,"href":"https:\/\/infogandia.es\/index.php\/wp-json\/wp\/v2\/posts\/4959\/revisions\/4961"}],"wp:featuredmedia":[{"embeddable":true,"href":"https:\/\/infogandia.es\/index.php\/wp-json\/wp\/v2\/media\/4960"}],"wp:attachment":[{"href":"https:\/\/infogandia.es\/index.php\/wp-json\/wp\/v2\/media?parent=4959"}],"wp:term":[{"taxonomy":"category","embeddable":true,"href":"https:\/\/infogandia.es\/index.php\/wp-json\/wp\/v2\/categories?post=4959"},{"taxonomy":"post_tag","embeddable":true,"href":"https:\/\/infogandia.es\/index.php\/wp-json\/wp\/v2\/tags?post=4959"}],"curies":[{"name":"wp","href":"https:\/\/api.w.org\/{rel}","templated":true}]}}