{"id":4962,"date":"2024-10-31T14:07:50","date_gmt":"2024-10-31T14:07:50","guid":{"rendered":"https:\/\/infogandia.es\/?p=4962"},"modified":"2024-10-31T14:08:41","modified_gmt":"2024-10-31T14:08:41","slug":"gandia-moviliza-ayuda-para-los-afectados-por-la-gota-fria","status":"publish","type":"post","link":"https:\/\/infogandia.es\/index.php\/2024\/10\/31\/gandia-moviliza-ayuda-para-los-afectados-por-la-gota-fria\/","title":{"rendered":"Gandia moviliza ayuda para los afectados por la Gota Fr\u00eda"},"content":{"rendered":"\n<p>Ante la emergencia causada, la Central de la Polic\u00eda Local de Gandia y la sede de Alma de Acero, situada en la calle Goleta del Grau de Gandia, han iniciado una campa\u00f1a de recogida de objetos de primera necesidad. La Polic\u00eda Local se encargar\u00e1 de trasladar estas donaciones a las \u00e1reas m\u00e1s afectadas.<\/p>\n\n\n\n<figure class=\"wp-block-embed is-type-video is-provider-youtube wp-block-embed-youtube wp-embed-aspect-16-9 wp-has-aspect-ratio\"><div class=\"wp-block-embed__wrapper\">\n<iframe title=\"EL TERTULION GANDIA | Programa especial #DANA (31-10-2024)\" width=\"640\" height=\"360\" src=\"https:\/\/www.youtube.com\/embed\/2ttqnXEleeM?feature=oembed\" frameborder=\"0\" allow=\"accelerometer; autoplay; clipboard-write; encrypted-media; gyroscope; picture-in-picture; web-share\" referrerpolicy=\"strict-origin-when-cross-origin\" allowfullscreen><\/iframe>\n<\/div><\/figure>\n\n\n\n<p>Desde esta ma\u00f1ana, los ciudadanos pueden acercarse a ambos puntos para ofrecer su apoyo. Alma de Acero recibir\u00e1 donaciones en su sede en horario de 10:30 a 14:00 horas y de 17:00 a 21:00 horas, aceptando los siguientes art\u00edculos:<\/p>\n\n\n\n<ul class=\"wp-block-list\">\n<li>Ropa de abrigo<\/li>\n\n\n\n<li>Mant\u00e1s<\/li>\n\n\n\n<li>Productos de higiene (adulto e infantil)<\/li>\n\n\n\n<li>Pa\u00f1ales<\/li>\n\n\n\n<li>Juguetes did\u00e1cticos peque\u00f1os (no voluminosos)<\/li>\n\n\n\n<li>Alimentos no perecederos<\/li>\n<\/ul>\n\n\n\n<p>Adem\u00e1s, Alma de Acero ha instado a la comunidad a no intentar acceder por cuenta propia a las zonas afectadas, resaltando que &#8220;coordinados llegamos a m\u00e1s gente&#8221;. Su mensaje es claro: &#8220;<strong><em>Una vez m\u00e1s&#8230; Todos Somos Alma de Acero&#8221;.<\/em><\/strong><\/p>\n\n\n\n<p>La colaboraci\u00f3n ciudadana es esencial en estos momentos dif\u00edciles, y cada donaci\u00f3n ser\u00e1 de gran ayuda para aquellos que lo necesitan.<\/p>\n","protected":false},"excerpt":{"rendered":"<p>Ante la emergencia causada, la Central de la Polic\u00eda Local de Gandia y la sede de Alma de Acero, situada en la calle Goleta del Grau de Gandia, han iniciado una campa\u00f1a de recogida de objetos de primera necesidad. La Polic\u00eda Local se encargar\u00e1 de trasladar estas donaciones a las \u00e1reas m\u00e1s afectadas. Desde esta&#8230;<\/p>\n","protected":false},"author":1,"featured_media":0,"comment_status":"open","ping_status":"open","sticky":false,"template":"","format":"standard","meta":{"footnotes":""},"categories":[1],"tags":[],"class_list":["post-4962","post","type-post","status-publish","format-standard","hentry","category-actualidad"],"_links":{"self":[{"href":"https:\/\/infogandia.es\/index.php\/wp-json\/wp\/v2\/posts\/4962","targetHints":{"allow":["GET"]}}],"collection":[{"href":"https:\/\/infogandia.es\/index.php\/wp-json\/wp\/v2\/posts"}],"about":[{"href":"https:\/\/infogandia.es\/index.php\/wp-json\/wp\/v2\/types\/post"}],"author":[{"embeddable":true,"href":"https:\/\/infogandia.es\/index.php\/wp-json\/wp\/v2\/users\/1"}],"replies":[{"embeddable":true,"href":"https:\/\/infogandia.es\/index.php\/wp-json\/wp\/v2\/comments?post=4962"}],"version-history":[{"count":3,"href":"https:\/\/infogandia.es\/index.php\/wp-json\/wp\/v2\/posts\/4962\/revisions"}],"predecessor-version":[{"id":4965,"href":"https:\/\/infogandia.es\/index.php\/wp-json\/wp\/v2\/posts\/4962\/revisions\/4965"}],"wp:attachment":[{"href":"https:\/\/infogandia.es\/index.php\/wp-json\/wp\/v2\/media?parent=4962"}],"wp:term":[{"taxonomy":"category","embeddable":true,"href":"https:\/\/infogandia.es\/index.php\/wp-json\/wp\/v2\/categories?post=4962"},{"taxonomy":"post_tag","embeddable":true,"href":"https:\/\/infogandia.es\/index.php\/wp-json\/wp\/v2\/tags?post=4962"}],"curies":[{"name":"wp","href":"https:\/\/api.w.org\/{rel}","templated":true}]}}