{"id":4966,"date":"2024-11-05T10:58:25","date_gmt":"2024-11-05T10:58:25","guid":{"rendered":"https:\/\/infogandia.es\/?p=4966"},"modified":"2024-11-05T11:00:38","modified_gmt":"2024-11-05T11:00:38","slug":"televisio-comarcal-organiza-un-telemaraton-solidario-en-apoyo-a-las-victimas-de-la-danahoras","status":"publish","type":"post","link":"https:\/\/infogandia.es\/index.php\/2024\/11\/05\/televisio-comarcal-organiza-un-telemaraton-solidario-en-apoyo-a-las-victimas-de-la-danahoras\/","title":{"rendered":"Televisi\u00f3 Comarcal junto Alma de Acero organizan un Telemarat\u00f3n Solidario en apoyo a las v\u00edctimas de la DANA"},"content":{"rendered":"\n<p>Televisi\u00f3 Comarcal ha lanzado una importante iniciativa solidaria con el fin de apoyar a las personas afectadas por la reciente DANA que ha devastado varias localidades de la Comunidad Valenciana. En colaboraci\u00f3n con la asociaci\u00f3n <em>Alma de Acero<\/em>, la emisora organiza un <strong>Telemarat\u00f3n Solidario<\/strong> que se llevar\u00e1 a cabo el <strong>pr\u00f3ximo jueves 7 de noviembre, de 20:00 a 23:00 horas<\/strong>.<\/p>\n\n\n\n<p>El principal objetivo de este evento es recaudar fondos para la adquisici\u00f3n de materiales esenciales para las familias afectadas por las inundaciones. Los recursos se destinar\u00e1n a la compra de <strong>cunas, camas, colchones<\/strong> y otros enseres b\u00e1sicos que ser\u00e1n fundamentales para que las personas afectadas puedan ir normalizando sus vidas en los d\u00edas y semanas siguientes a la cat\u00e1strofe.<\/p>\n\n\n\n<p>Durante el telemarat\u00f3n, se podr\u00e1n escuchar <strong>testimonios en vivo<\/strong> de personas que han vivido de primera mano los efectos devastadores de la DANA. Adem\u00e1s, representantes institucionales se sumar\u00e1n al evento para ofrecer su apoyo y solidaridad a las familias afectadas y resaltar la importancia de la ayuda colectiva en estos momentos de crisis.<\/p>\n\n\n\n<p>A lo largo de la emisi\u00f3n, los espectadores podr\u00e1n realizar donaciones a trav\u00e9s de diversas plataformas habilitadas. Se habilitar\u00e1 un n\u00famero de <strong>Bizum<\/strong> para facilitar las contribuciones, aunque por el momento tambi\u00e9n se pueden realizar donaciones al n\u00famero de cuenta de la asociaci\u00f3n: <\/p>\n\n\n\n<p><strong>Alma de Acero | AES5021002789460200145028. <\/strong><\/p>\n\n\n\n<figure class=\"wp-block-image size-large\"><img fetchpriority=\"high\" decoding=\"async\" width=\"1024\" height=\"117\" src=\"https:\/\/infogandia.es\/wp-content\/uploads\/2024\/11\/MARATON-SOLIDARIO-_1920-x-221-px_-1024x117.gif\" alt=\"\" class=\"wp-image-4968\" srcset=\"https:\/\/infogandia.es\/wp-content\/uploads\/2024\/11\/MARATON-SOLIDARIO-_1920-x-221-px_-1024x117.gif 1024w, https:\/\/infogandia.es\/wp-content\/uploads\/2024\/11\/MARATON-SOLIDARIO-_1920-x-221-px_-300x34.gif 300w, https:\/\/infogandia.es\/wp-content\/uploads\/2024\/11\/MARATON-SOLIDARIO-_1920-x-221-px_-768x88.gif 768w, https:\/\/infogandia.es\/wp-content\/uploads\/2024\/11\/MARATON-SOLIDARIO-_1920-x-221-px_-1536x176.gif 1536w\" sizes=\"(max-width: 1024px) 100vw, 1024px\" \/><\/figure>\n\n\n\n<p>De este modo, toda la comunidad podr\u00e1 involucrarse activamente en esta noble causa. La organizaci\u00f3n conf\u00eda en la generosidad de los ciudadanos y en la fuerza de la solidaridad regional para mitigar los efectos de esta tragedia y mejorar las condiciones de vida de quienes m\u00e1s lo necesitan.<\/p>\n\n\n\n<p>\u00a1No faltes a esta cita con la solidaridad! El <strong>jueves 7 de noviembre<\/strong>, de <strong>20:00 a 23:00 horas<\/strong>, <strong>Televisi\u00f3 Comarcal<\/strong> te invita a ser parte de este gesto de apoyo para ayudar a las v\u00edctimas de la DANA.<\/p>\n","protected":false},"excerpt":{"rendered":"<p>Televisi\u00f3 Comarcal ha lanzado una importante iniciativa solidaria con el fin de apoyar a las personas afectadas por la reciente DANA que ha devastado varias localidades de la Comunidad Valenciana. En colaboraci\u00f3n con la asociaci\u00f3n Alma de Acero, la emisora organiza un Telemarat\u00f3n Solidario que se llevar\u00e1 a cabo el pr\u00f3ximo jueves 7 de noviembre,&#8230;<\/p>\n","protected":false},"author":1,"featured_media":4967,"comment_status":"open","ping_status":"open","sticky":false,"template":"","format":"standard","meta":{"footnotes":""},"categories":[1,27],"tags":[],"class_list":["post-4966","post","type-post","status-publish","format-standard","has-post-thumbnail","hentry","category-actualidad","category-sociedad"],"_links":{"self":[{"href":"https:\/\/infogandia.es\/index.php\/wp-json\/wp\/v2\/posts\/4966","targetHints":{"allow":["GET"]}}],"collection":[{"href":"https:\/\/infogandia.es\/index.php\/wp-json\/wp\/v2\/posts"}],"about":[{"href":"https:\/\/infogandia.es\/index.php\/wp-json\/wp\/v2\/types\/post"}],"author":[{"embeddable":true,"href":"https:\/\/infogandia.es\/index.php\/wp-json\/wp\/v2\/users\/1"}],"replies":[{"embeddable":true,"href":"https:\/\/infogandia.es\/index.php\/wp-json\/wp\/v2\/comments?post=4966"}],"version-history":[{"count":5,"href":"https:\/\/infogandia.es\/index.php\/wp-json\/wp\/v2\/posts\/4966\/revisions"}],"predecessor-version":[{"id":4973,"href":"https:\/\/infogandia.es\/index.php\/wp-json\/wp\/v2\/posts\/4966\/revisions\/4973"}],"wp:featuredmedia":[{"embeddable":true,"href":"https:\/\/infogandia.es\/index.php\/wp-json\/wp\/v2\/media\/4967"}],"wp:attachment":[{"href":"https:\/\/infogandia.es\/index.php\/wp-json\/wp\/v2\/media?parent=4966"}],"wp:term":[{"taxonomy":"category","embeddable":true,"href":"https:\/\/infogandia.es\/index.php\/wp-json\/wp\/v2\/categories?post=4966"},{"taxonomy":"post_tag","embeddable":true,"href":"https:\/\/infogandia.es\/index.php\/wp-json\/wp\/v2\/tags?post=4966"}],"curies":[{"name":"wp","href":"https:\/\/api.w.org\/{rel}","templated":true}]}}