{"id":4977,"date":"2024-11-05T11:27:07","date_gmt":"2024-11-05T11:27:07","guid":{"rendered":"https:\/\/infogandia.es\/?p=4977"},"modified":"2024-11-05T11:27:07","modified_gmt":"2024-11-05T11:27:07","slug":"un-camionero-de-gandia-primera-victima-mortal-de-la-dana-en-la-safor","status":"publish","type":"post","link":"https:\/\/infogandia.es\/index.php\/2024\/11\/05\/un-camionero-de-gandia-primera-victima-mortal-de-la-dana-en-la-safor\/","title":{"rendered":"Un camionero de Gandia, primera v\u00edctima mortal de la DANA en la Safor"},"content":{"rendered":"\n<p> La DANA que azot\u00f3 la Comunitat Valenciana la semana pasada ha dejado su primera v\u00edctima mortal en la comarca de la Safor. Marius Serban, un camionero de 42 a\u00f1os residente en Gandia, falleci\u00f3 el pasado martes en el pol\u00edgono industrial de Riba-roja de T\u00faria, donde trabajaba, tras ser arrastrado por la riada provocada por las intensas lluvias.<\/p>\n\n\n\n<p>Seg\u00fan relat\u00f3 su hermano Valent\u00edn, Marius sali\u00f3 de su lugar de trabajo como cualquier otro d\u00eda, pero a su salida fue engullido por las aguas, que lo arrastraron antes de que pudiera poner a salvo. La tr\u00e1gica muerte de Marius, natural de Ruman\u00eda, ha sumido a la familia en el dolor. Lleg\u00f3 a Gandia hace ocho a\u00f1os junto a su esposa, quien falleci\u00f3 hace dos a\u00f1os tras una lucha contra el c\u00e1ncer. Ahora, sus dos hijos, de 13 y 8 a\u00f1os, han quedado hu\u00e9rfanos de padre y madre.<\/p>\n\n\n\n<p>La familia de Marius Serban, formada por sus padres y su hermano Valent\u00edn, se har\u00e1 cargo de los peque\u00f1os en este momento tan dif\u00edcil. Ante la tragedia, el Ayuntamiento de Gandia ha expresado su apoyo incondicional a la familia, a trav\u00e9s de la concejal\u00eda de Servicios Sociales, que dirige Inma Rodr\u00edguez. El Consistorio ha ofrecido atenci\u00f3n psicol\u00f3gica para los ni\u00f1os y gestionar\u00e1 los gastos del sepelio, con el objetivo de aliviar, en la medida de lo posible, el dolor de la familia afectada.<\/p>\n\n\n\n<p>El cuerpo de Marius Serban permanece en la Ciutat de la Just\u00edcia de Val\u00e8ncia, donde su hermano Valent\u00edn espera recibirlo para trasladarlo de regreso a Gandia, donde ser\u00e1 enterrado y descansar\u00e1 en el cementerio local. La comunidad de Gandia se ha mostrado profundamente afectada por esta tr\u00e1gica p\u00e9rdida y ha expresado su pesar a la familia Serban en estos momentos tan duros.<\/p>\n","protected":false},"excerpt":{"rendered":"<p>La DANA que azot\u00f3 la Comunitat Valenciana la semana pasada ha dejado su primera v\u00edctima mortal en la comarca de la Safor. Marius Serban, un camionero de 42 a\u00f1os residente en Gandia, falleci\u00f3 el pasado martes en el pol\u00edgono industrial de Riba-roja de T\u00faria, donde trabajaba, tras ser arrastrado por la riada provocada por las&#8230;<\/p>\n","protected":false},"author":1,"featured_media":4978,"comment_status":"open","ping_status":"open","sticky":false,"template":"","format":"standard","meta":{"footnotes":""},"categories":[1,27],"tags":[],"class_list":["post-4977","post","type-post","status-publish","format-standard","has-post-thumbnail","hentry","category-actualidad","category-sociedad"],"_links":{"self":[{"href":"https:\/\/infogandia.es\/index.php\/wp-json\/wp\/v2\/posts\/4977","targetHints":{"allow":["GET"]}}],"collection":[{"href":"https:\/\/infogandia.es\/index.php\/wp-json\/wp\/v2\/posts"}],"about":[{"href":"https:\/\/infogandia.es\/index.php\/wp-json\/wp\/v2\/types\/post"}],"author":[{"embeddable":true,"href":"https:\/\/infogandia.es\/index.php\/wp-json\/wp\/v2\/users\/1"}],"replies":[{"embeddable":true,"href":"https:\/\/infogandia.es\/index.php\/wp-json\/wp\/v2\/comments?post=4977"}],"version-history":[{"count":1,"href":"https:\/\/infogandia.es\/index.php\/wp-json\/wp\/v2\/posts\/4977\/revisions"}],"predecessor-version":[{"id":4979,"href":"https:\/\/infogandia.es\/index.php\/wp-json\/wp\/v2\/posts\/4977\/revisions\/4979"}],"wp:featuredmedia":[{"embeddable":true,"href":"https:\/\/infogandia.es\/index.php\/wp-json\/wp\/v2\/media\/4978"}],"wp:attachment":[{"href":"https:\/\/infogandia.es\/index.php\/wp-json\/wp\/v2\/media?parent=4977"}],"wp:term":[{"taxonomy":"category","embeddable":true,"href":"https:\/\/infogandia.es\/index.php\/wp-json\/wp\/v2\/categories?post=4977"},{"taxonomy":"post_tag","embeddable":true,"href":"https:\/\/infogandia.es\/index.php\/wp-json\/wp\/v2\/tags?post=4977"}],"curies":[{"name":"wp","href":"https:\/\/api.w.org\/{rel}","templated":true}]}}