{"id":4988,"date":"2024-11-06T09:06:04","date_gmt":"2024-11-06T09:06:04","guid":{"rendered":"https:\/\/infogandia.es\/?p=4988"},"modified":"2024-11-06T09:06:04","modified_gmt":"2024-11-06T09:06:04","slug":"el-programa-comarcal-solidaria-pone-en-valor-la-solidaridad-ante-la-dana-y-la-labor-de-la-asociacion-alma-de-cero","status":"publish","type":"post","link":"https:\/\/infogandia.es\/index.php\/2024\/11\/06\/el-programa-comarcal-solidaria-pone-en-valor-la-solidaridad-ante-la-dana-y-la-labor-de-la-asociacion-alma-de-cero\/","title":{"rendered":"El programa Comarcal Solidaria pone en valor la solidaridad ante la DANA y la labor de la asociaci\u00f3n Alma de Cero"},"content":{"rendered":"\n<p>El programa <em>Comarcal Solidaria<\/em> ha centrado su \u00faltima emisi\u00f3n en la solidaridad y el apoyo a las v\u00edctimas de la DANA, destacando especialmente la labor de la asociaci\u00f3n <em>Alma de Cero<\/em> en la recaudaci\u00f3n de ayuda para los afectados.<\/p>\n\n\n\n<p>A trav\u00e9s de un emotivo video, se muestra c\u00f3mo la comunidad respondi\u00f3 de manera ejemplar ante esta situaci\u00f3n de emergencia, destacando la participaci\u00f3n activa de los j\u00f3venes y la colaboraci\u00f3n entre vecinos, organizaciones y autoridades para llevar ayuda a quienes m\u00e1s lo necesitan.<\/p>\n\n\n\n<figure class=\"wp-block-embed is-type-video is-provider-youtube wp-block-embed-youtube wp-embed-aspect-16-9 wp-has-aspect-ratio\"><div class=\"wp-block-embed__wrapper\">\n<iframe title=\"COMARCAL SOLIDARIA | AFECTADOS POR LA DANA - ALMA DE ACERO (06-11-2024)\" width=\"640\" height=\"360\" src=\"https:\/\/www.youtube.com\/embed\/ccz7tLOA9X0?feature=oembed\" frameborder=\"0\" allow=\"accelerometer; autoplay; clipboard-write; encrypted-media; gyroscope; picture-in-picture; web-share\" referrerpolicy=\"strict-origin-when-cross-origin\" allowfullscreen><\/iframe>\n<\/div><\/figure>\n\n\n\n<p>La situaci\u00f3n devastadora que vivieron las personas afectadas por la DANA, pero tambi\u00e9n pone en relieve el gran esfuerzo colectivo realizado para hacer frente a la cat\u00e1strofe. Se resalta la importancia de la solidaridad y la participaci\u00f3n activa de todos los sectores de la comunidad, especialmente en momentos de crisis.<\/p>\n\n\n\n<p>Una de las claves del programa fue subrayar la labor de organizaci\u00f3n que se llev\u00f3 a cabo en la recolecci\u00f3n y distribuci\u00f3n de ayuda. Los voluntarios, con la colaboraci\u00f3n de diversas entidades locales, jugaron un papel fundamental en clasificar y reorganizar los recursos, garantizando que la ayuda llegara de manera efectiva a las zonas m\u00e1s afectadas. La capacidad de adaptarse r\u00e1pidamente a las demandas de la comunidad fue crucial para mitigar los efectos de la cat\u00e1strofe.<\/p>\n\n\n\n<p>En un momento tan delicado, <em>Comarcal Solid\u00e0ria<\/em> ha querido resaltar el esp\u00edritu de ayuda mutua que caracteriza a la comunidad, poniendo de manifiesto que en tiempos de adversidad, la colaboraci\u00f3n es fundamental para reconstruir lo que se ha perdido y ofrecer esperanza a quienes han sufrido las consecuencias de la DANA.<\/p>\n\n\n\n<p>El programa se despide con un mensaje claro: la importancia de la organizaci\u00f3n, la colaboraci\u00f3n y la implicaci\u00f3n de todos para ayudar a los afectados y hacer frente a las consecuencias de cualquier cat\u00e1strofe. Un esfuerzo que contin\u00faa y que, gracias a la solidaridad, demuestra que la comunidad siempre se levanta, m\u00e1s fuerte que nunca.<\/p>\n","protected":false},"excerpt":{"rendered":"<p>El programa Comarcal Solidaria ha centrado su \u00faltima emisi\u00f3n en la solidaridad y el apoyo a las v\u00edctimas de la DANA, destacando especialmente la labor de la asociaci\u00f3n Alma de Cero en la recaudaci\u00f3n de ayuda para los afectados. A trav\u00e9s de un emotivo video, se muestra c\u00f3mo la comunidad respondi\u00f3 de manera ejemplar ante&#8230;<\/p>\n","protected":false},"author":1,"featured_media":4989,"comment_status":"open","ping_status":"open","sticky":false,"template":"","format":"standard","meta":{"footnotes":""},"categories":[1,27],"tags":[],"class_list":["post-4988","post","type-post","status-publish","format-standard","has-post-thumbnail","hentry","category-actualidad","category-sociedad"],"_links":{"self":[{"href":"https:\/\/infogandia.es\/index.php\/wp-json\/wp\/v2\/posts\/4988","targetHints":{"allow":["GET"]}}],"collection":[{"href":"https:\/\/infogandia.es\/index.php\/wp-json\/wp\/v2\/posts"}],"about":[{"href":"https:\/\/infogandia.es\/index.php\/wp-json\/wp\/v2\/types\/post"}],"author":[{"embeddable":true,"href":"https:\/\/infogandia.es\/index.php\/wp-json\/wp\/v2\/users\/1"}],"replies":[{"embeddable":true,"href":"https:\/\/infogandia.es\/index.php\/wp-json\/wp\/v2\/comments?post=4988"}],"version-history":[{"count":1,"href":"https:\/\/infogandia.es\/index.php\/wp-json\/wp\/v2\/posts\/4988\/revisions"}],"predecessor-version":[{"id":4990,"href":"https:\/\/infogandia.es\/index.php\/wp-json\/wp\/v2\/posts\/4988\/revisions\/4990"}],"wp:featuredmedia":[{"embeddable":true,"href":"https:\/\/infogandia.es\/index.php\/wp-json\/wp\/v2\/media\/4989"}],"wp:attachment":[{"href":"https:\/\/infogandia.es\/index.php\/wp-json\/wp\/v2\/media?parent=4988"}],"wp:term":[{"taxonomy":"category","embeddable":true,"href":"https:\/\/infogandia.es\/index.php\/wp-json\/wp\/v2\/categories?post=4988"},{"taxonomy":"post_tag","embeddable":true,"href":"https:\/\/infogandia.es\/index.php\/wp-json\/wp\/v2\/tags?post=4988"}],"curies":[{"name":"wp","href":"https:\/\/api.w.org\/{rel}","templated":true}]}}