{"id":4991,"date":"2024-11-06T11:55:14","date_gmt":"2024-11-06T11:55:14","guid":{"rendered":"https:\/\/infogandia.es\/?p=4991"},"modified":"2024-11-06T11:55:14","modified_gmt":"2024-11-06T11:55:14","slug":"gandia-ofrece-plazas-gratuitas-en-las-escuelas-infantiles-para-familias-afectadas-por-la-dana","status":"publish","type":"post","link":"https:\/\/infogandia.es\/index.php\/2024\/11\/06\/gandia-ofrece-plazas-gratuitas-en-las-escuelas-infantiles-para-familias-afectadas-por-la-dana\/","title":{"rendered":"Gandia ofrece plazas gratuitas en las escuelas infantiles para familias afectadas por la DANA"},"content":{"rendered":"\n<p>El Ayuntamiento de Gandia, a trav\u00e9s del departamento de Educaci\u00f3n, ha puesto en marcha una medida de acogida para las familias afectadas por la DANA, ofreciendo plazas gratuitas de forma temporal en las escuelas infantiles municipales para ni\u00f1os y ni\u00f1as de 0 a 3 a\u00f1os. Esta iniciativa est\u00e1 dirigida a las familias que, como consecuencia del episodio de lluvias e inundaciones, se han tenido que trasladar temporalmente a Gandia, ya sea por motivos laborales o por necesidad de alojamiento.<\/p>\n\n\n\n<p>Seg\u00fan ha explicado la concejala de Educaci\u00f3n, <strong>Esther Sapena<\/strong>, el objetivo de esta medida es brindar apoyo a las familias en una situaci\u00f3n de emergencia y facilitar la conciliaci\u00f3n de la vida laboral y familiar, al mismo tiempo que se garantiza el bienestar emocional de los m\u00e1s peque\u00f1os. &#8220;El acogimiento se mantendr\u00e1 hasta que se restablezca el servicio educativo en las poblaciones afectadas. Ayudar a conciliar, al mismo tiempo que damos apoyo a las familias y garantizamos el bienestar emocional de los m\u00e1s peque\u00f1os, es nuestra prioridad en estos momentos tan complicados&#8221;, ha se\u00f1alado Sapena.<\/p>\n\n\n\n<p>Las familias interesadas pueden solicitar esta plaza gratuita en el departamento de Educaci\u00f3n del Ayuntamiento de Gandia, situado en la calle Marqu\u00e9s de Campo, n\u00famero 1. Para ello, deber\u00e1n presentar la documentaci\u00f3n correspondiente, incluyendo el DNI de los progenitores, el SIP del alumno y un certificado laboral o vida laboral para acreditar el traslado por motivos laborales. Adem\u00e1s, el departamento ha habilitado el n\u00famero de tel\u00e9fono <strong>96 295 96 60<\/strong> para cualquier duda o informaci\u00f3n adicional.<\/p>\n\n\n\n<p>Por otro lado, Esther Sapena tambi\u00e9n ha recordado que los ni\u00f1os y ni\u00f1as de 3 a 12 a\u00f1os (segundo ciclo de educaci\u00f3n infantil y primaria) tambi\u00e9n pueden ser reubicados en los centros educativos de Gandia, tal como ha anunciado recientemente la Conselleria de Educaci\u00f3n. A d\u00eda de hoy, se tiene constancia de dos alumnos ya reubicados en los centros educativos de la ciudad.<\/p>\n\n\n\n<p>Con esta medida, el Ayuntamiento de Gandia quiere ofrecer apoyo a las familias afectadas por la DANA, priorizando su estabilidad y la tranquilidad emocional de los m\u00e1s j\u00f3venes en un momento tan dif\u00edcil.<\/p>\n","protected":false},"excerpt":{"rendered":"<p>El Ayuntamiento de Gandia, a trav\u00e9s del departamento de Educaci\u00f3n, ha puesto en marcha una medida de acogida para las familias afectadas por la DANA, ofreciendo plazas gratuitas de forma temporal en las escuelas infantiles municipales para ni\u00f1os y ni\u00f1as de 0 a 3 a\u00f1os. Esta iniciativa est\u00e1 dirigida a las familias que, como consecuencia&#8230;<\/p>\n","protected":false},"author":1,"featured_media":4992,"comment_status":"open","ping_status":"open","sticky":false,"template":"","format":"standard","meta":{"footnotes":""},"categories":[1,27],"tags":[],"class_list":["post-4991","post","type-post","status-publish","format-standard","has-post-thumbnail","hentry","category-actualidad","category-sociedad"],"_links":{"self":[{"href":"https:\/\/infogandia.es\/index.php\/wp-json\/wp\/v2\/posts\/4991","targetHints":{"allow":["GET"]}}],"collection":[{"href":"https:\/\/infogandia.es\/index.php\/wp-json\/wp\/v2\/posts"}],"about":[{"href":"https:\/\/infogandia.es\/index.php\/wp-json\/wp\/v2\/types\/post"}],"author":[{"embeddable":true,"href":"https:\/\/infogandia.es\/index.php\/wp-json\/wp\/v2\/users\/1"}],"replies":[{"embeddable":true,"href":"https:\/\/infogandia.es\/index.php\/wp-json\/wp\/v2\/comments?post=4991"}],"version-history":[{"count":1,"href":"https:\/\/infogandia.es\/index.php\/wp-json\/wp\/v2\/posts\/4991\/revisions"}],"predecessor-version":[{"id":4993,"href":"https:\/\/infogandia.es\/index.php\/wp-json\/wp\/v2\/posts\/4991\/revisions\/4993"}],"wp:featuredmedia":[{"embeddable":true,"href":"https:\/\/infogandia.es\/index.php\/wp-json\/wp\/v2\/media\/4992"}],"wp:attachment":[{"href":"https:\/\/infogandia.es\/index.php\/wp-json\/wp\/v2\/media?parent=4991"}],"wp:term":[{"taxonomy":"category","embeddable":true,"href":"https:\/\/infogandia.es\/index.php\/wp-json\/wp\/v2\/categories?post=4991"},{"taxonomy":"post_tag","embeddable":true,"href":"https:\/\/infogandia.es\/index.php\/wp-json\/wp\/v2\/tags?post=4991"}],"curies":[{"name":"wp","href":"https:\/\/api.w.org\/{rel}","templated":true}]}}