{"id":4997,"date":"2024-11-07T10:25:57","date_gmt":"2024-11-07T10:25:57","guid":{"rendered":"https:\/\/infogandia.es\/?p=4997"},"modified":"2024-11-07T10:26:17","modified_gmt":"2024-11-07T10:26:17","slug":"tavernes-recibira-200-000-euros-de-la-generalitat-para-reparar-los-danos-causados-por-la-dana","status":"publish","type":"post","link":"https:\/\/infogandia.es\/index.php\/2024\/11\/07\/tavernes-recibira-200-000-euros-de-la-generalitat-para-reparar-los-danos-causados-por-la-dana\/","title":{"rendered":"Tavernes recibir\u00e1 200.000 euros de la Generalitat para reparar los da\u00f1os causados por la DANA"},"content":{"rendered":"\n<p>El municipio de Tavernes de la Valldigna est\u00e1 llevando a cabo una evaluaci\u00f3n de los da\u00f1os ocasionados por la DANA  que afect\u00f3 la regi\u00f3n la semana pasada. En particular, las zonas de La Partida y el pol\u00edgono El Golfo fueron gravemente impactadas, con inundaciones que afectaron tanto campos agr\u00edcolas como empresas. Afortunadamente, Tavernes ha sido incluida en la lista de municipios beneficiarios de ayudas por parte de la Generalitat Valenciana, lo que le permitir\u00e1 recibir 200.000 euros para cubrir gastos urgentes y extraordinarios derivados del desastre.<\/p>\n\n\n\n<p>El equipo t\u00e9cnico del Ayuntamiento de Tavernes est\u00e1 trabajando en la elaboraci\u00f3n de un informe de da\u00f1os, que incluir\u00e1 los presupuestos para las obras de reparaci\u00f3n necesarias. Esta evaluaci\u00f3n ayudar\u00e1 a determinar los gastos extraordinarios que el consistorio deber\u00e1 afrontar debido a la emergencia. La alcaldesa Lara Romero, junto con otros miembros del gobierno local, ha presidido reuniones con t\u00e9cnicos municipales y con el Sindicato de Riegos para valorar el impacto del temporal en la infraestructura de riego y en los campos de cultivo. Adem\u00e1s, la alcaldesa ha visitado las empresas afectadas para conocer de primera mano los da\u00f1os sufridos y las necesidades de asistencia.<\/p>\n\n\n\n<p>A nivel individual, los residentes y propietarios afectados por la DANA tambi\u00e9n tienen acceso a varias l\u00edneas de ayuda tanto del Gobierno de Espa\u00f1a como de la Generalitat Valenciana. Las ayudas pueden solicitarse de manera electr\u00f3nica a trav\u00e9s de las siguientes plataformas:<\/p>\n\n\n\n<ul class=\"wp-block-list\">\n<li><strong>Ayudas del Gobierno de Espa\u00f1a<\/strong>: <a href=\"https:\/\/sede.mir.gob.es\/opencms\/export\/sites\/default\/es\/procedimientos-y-servicios\/ayudas-y-subvenciones-por-siniestro-y-catastrofe\/?fbclid=IwY2xjawGYUvhleHRuA2FlbQIxMAABHSQZh83hS89ucQj7AqJcks5SKQOAeR9NRJl1AMLT9boXsQU_duiDfNWwxg_aem_ADhsAkKGQAWnJ7QNr5IYmQ\">Ministerio del Interior<\/a><\/li>\n\n\n\n<li><strong>Ayudas de la Generalitat Valenciana<\/strong>: <a href=\"https:\/\/www.gva.es\/va\/inicio\/procedimientos?id_proc=101532&amp;fbclid=IwY2xjawGYUyBleHRuA2FlbQIxMAABHd0ObsZYr5a1W_KF86rRxUejme-xUlEQqjK6tUi_dx8FXAAO4JpWeSjjKQ_aem_Kkqw4ug6mLQBHyoaXFYHJg\">GVA Ayudas DANA<\/a><\/li>\n<\/ul>\n\n\n\n<p>Estas ayudas est\u00e1n destinadas a aliviar los efectos de la cat\u00e1strofe y apoyar a los afectados en la recuperaci\u00f3n de sus viviendas, negocios y cultivos.<\/p>\n","protected":false},"excerpt":{"rendered":"<p>El municipio de Tavernes de la Valldigna est\u00e1 llevando a cabo una evaluaci\u00f3n de los da\u00f1os ocasionados por la DANA que afect\u00f3 la regi\u00f3n la semana pasada. En particular, las zonas de La Partida y el pol\u00edgono El Golfo fueron gravemente impactadas, con inundaciones que afectaron tanto campos agr\u00edcolas como empresas. Afortunadamente, Tavernes ha sido&#8230;<\/p>\n","protected":false},"author":1,"featured_media":4998,"comment_status":"open","ping_status":"open","sticky":false,"template":"","format":"standard","meta":{"footnotes":""},"categories":[1,27],"tags":[],"class_list":["post-4997","post","type-post","status-publish","format-standard","has-post-thumbnail","hentry","category-actualidad","category-sociedad"],"_links":{"self":[{"href":"https:\/\/infogandia.es\/index.php\/wp-json\/wp\/v2\/posts\/4997","targetHints":{"allow":["GET"]}}],"collection":[{"href":"https:\/\/infogandia.es\/index.php\/wp-json\/wp\/v2\/posts"}],"about":[{"href":"https:\/\/infogandia.es\/index.php\/wp-json\/wp\/v2\/types\/post"}],"author":[{"embeddable":true,"href":"https:\/\/infogandia.es\/index.php\/wp-json\/wp\/v2\/users\/1"}],"replies":[{"embeddable":true,"href":"https:\/\/infogandia.es\/index.php\/wp-json\/wp\/v2\/comments?post=4997"}],"version-history":[{"count":1,"href":"https:\/\/infogandia.es\/index.php\/wp-json\/wp\/v2\/posts\/4997\/revisions"}],"predecessor-version":[{"id":4999,"href":"https:\/\/infogandia.es\/index.php\/wp-json\/wp\/v2\/posts\/4997\/revisions\/4999"}],"wp:featuredmedia":[{"embeddable":true,"href":"https:\/\/infogandia.es\/index.php\/wp-json\/wp\/v2\/media\/4998"}],"wp:attachment":[{"href":"https:\/\/infogandia.es\/index.php\/wp-json\/wp\/v2\/media?parent=4997"}],"wp:term":[{"taxonomy":"category","embeddable":true,"href":"https:\/\/infogandia.es\/index.php\/wp-json\/wp\/v2\/categories?post=4997"},{"taxonomy":"post_tag","embeddable":true,"href":"https:\/\/infogandia.es\/index.php\/wp-json\/wp\/v2\/tags?post=4997"}],"curies":[{"name":"wp","href":"https:\/\/api.w.org\/{rel}","templated":true}]}}