{"id":5000,"date":"2024-11-07T10:28:28","date_gmt":"2024-11-07T10:28:28","guid":{"rendered":"https:\/\/infogandia.es\/?p=5000"},"modified":"2024-11-07T10:28:28","modified_gmt":"2024-11-07T10:28:28","slug":"compromis-per-la-safor-valldigna-lamenta-la-falta-de-sensibilidad-del-alcalde-de-benifairo-ante-la-dana","status":"publish","type":"post","link":"https:\/\/infogandia.es\/index.php\/2024\/11\/07\/compromis-per-la-safor-valldigna-lamenta-la-falta-de-sensibilidad-del-alcalde-de-benifairo-ante-la-dana\/","title":{"rendered":"Comprom\u00eds per la Safor-Valldigna lamenta la falta de sensibilidad del alcalde de Benifair\u00f3 ante la DANA"},"content":{"rendered":"\n<p>Comprom\u00eds per la Safor-Valldigna ha expresado su malestar e indignaci\u00f3n tras la negativa del alcalde de Benifair\u00f3 de la Valldigna, Jos\u00e9 Luis Ferrando (PP), a la petici\u00f3n de la portavoz de la formaci\u00f3n, Zaira Pellicer, de aplazar el pleno celebrado ayer o permitirle intervenir telem\u00e1ticamente debido a las condiciones excepcionales provocadas por la DANA.<\/p>\n\n\n\n<p>La solicitud de Pellicer se basaba en la situaci\u00f3n de alerta roja que afectaba la comarca del Barcelon\u00e9s, donde reside por motivos laborales, lo que hac\u00eda extremadamente dif\u00edcil y peligroso su desplazamiento a Benifair\u00f3 para asistir al pleno. &#8220;En el momento en que hice la petici\u00f3n, est\u00e1bamos en alerta roja, lo que dificultaba mi desplazamiento al municipio, siguiendo las recomendaciones de las autoridades de evitar viajes innecesarios en episodios meteorol\u00f3gicos tan graves. Adem\u00e1s, las condiciones de las carreteras eran realmente complicadas&#8221;, ha explicado Pellicer.<\/p>\n\n\n\n<p>A pesar de las recomendaciones oficiales para evitar desplazamientos durante el temporal y la posibilidad de intervenir telem\u00e1ticamente, tal y como establece la legislaci\u00f3n en circunstancias excepcionales, el alcalde Ferrando deneg\u00f3 la solicitud de la edila. Comprom\u00eds ha criticado esta postura, que consideran una &#8220;falta de sensibilidad&#8221;, especialmente cuando las autoridades competentes instaban a la prudencia.<\/p>\n\n\n\n<p>&#8220;El alcalde se ha negado a ofrecer una soluci\u00f3n l\u00f3gica y de sentido com\u00fan, lo que no solo demuestra una falta de consideraci\u00f3n hacia las circunstancias extraordinarias que estamos viviendo, sino que tambi\u00e9n nos hace pensar que detr\u00e1s de esta decisi\u00f3n puede haber una motivaci\u00f3n pol\u00edtica&#8221;, ha indicado la ejecutiva comarcal de Comprom\u00eds.<\/p>\n\n\n\n<p>En este sentido, desde Comprom\u00eds recuerdan que Zaira Pellicer lider\u00f3 la candidatura que gan\u00f3 las elecciones municipales de mayo de 2023 en Benifair\u00f3, pero un pacto entre el PP y el PSOE permiti\u00f3 que estas dos formaciones se repartieran la alcald\u00eda, dejando a Comprom\u00eds en la oposici\u00f3n. La formaci\u00f3n no descarta que la negativa del alcalde est\u00e9 relacionada con esta situaci\u00f3n pol\u00edtica, pero asegura que seguir\u00e1n defendiendo la representatividad y los derechos de la ciudadan\u00eda, independientemente de los vaivenes pol\u00edticos.<\/p>\n\n\n\n<p>La situaci\u00f3n ha dejado una sensaci\u00f3n de malestar en la formaci\u00f3n, que considera que la respuesta del alcalde no solo pone en riesgo la seguridad de los concejales, sino que tambi\u00e9n refleja una falta de empat\u00eda en un momento de crisis como el que vive la regi\u00f3n.<\/p>\n","protected":false},"excerpt":{"rendered":"<p>Comprom\u00eds per la Safor-Valldigna ha expresado su malestar e indignaci\u00f3n tras la negativa del alcalde de Benifair\u00f3 de la Valldigna, Jos\u00e9 Luis Ferrando (PP), a la petici\u00f3n de la portavoz de la formaci\u00f3n, Zaira Pellicer, de aplazar el pleno celebrado ayer o permitirle intervenir telem\u00e1ticamente debido a las condiciones excepcionales provocadas por la DANA. La&#8230;<\/p>\n","protected":false},"author":1,"featured_media":5001,"comment_status":"open","ping_status":"open","sticky":false,"template":"","format":"standard","meta":{"footnotes":""},"categories":[1],"tags":[],"class_list":["post-5000","post","type-post","status-publish","format-standard","has-post-thumbnail","hentry","category-actualidad"],"_links":{"self":[{"href":"https:\/\/infogandia.es\/index.php\/wp-json\/wp\/v2\/posts\/5000","targetHints":{"allow":["GET"]}}],"collection":[{"href":"https:\/\/infogandia.es\/index.php\/wp-json\/wp\/v2\/posts"}],"about":[{"href":"https:\/\/infogandia.es\/index.php\/wp-json\/wp\/v2\/types\/post"}],"author":[{"embeddable":true,"href":"https:\/\/infogandia.es\/index.php\/wp-json\/wp\/v2\/users\/1"}],"replies":[{"embeddable":true,"href":"https:\/\/infogandia.es\/index.php\/wp-json\/wp\/v2\/comments?post=5000"}],"version-history":[{"count":1,"href":"https:\/\/infogandia.es\/index.php\/wp-json\/wp\/v2\/posts\/5000\/revisions"}],"predecessor-version":[{"id":5002,"href":"https:\/\/infogandia.es\/index.php\/wp-json\/wp\/v2\/posts\/5000\/revisions\/5002"}],"wp:featuredmedia":[{"embeddable":true,"href":"https:\/\/infogandia.es\/index.php\/wp-json\/wp\/v2\/media\/5001"}],"wp:attachment":[{"href":"https:\/\/infogandia.es\/index.php\/wp-json\/wp\/v2\/media?parent=5000"}],"wp:term":[{"taxonomy":"category","embeddable":true,"href":"https:\/\/infogandia.es\/index.php\/wp-json\/wp\/v2\/categories?post=5000"},{"taxonomy":"post_tag","embeddable":true,"href":"https:\/\/infogandia.es\/index.php\/wp-json\/wp\/v2\/tags?post=5000"}],"curies":[{"name":"wp","href":"https:\/\/api.w.org\/{rel}","templated":true}]}}