{"id":5027,"date":"2024-11-13T12:37:45","date_gmt":"2024-11-13T12:37:45","guid":{"rendered":"https:\/\/infogandia.es\/?p=5027"},"modified":"2024-11-13T12:39:37","modified_gmt":"2024-11-13T12:39:37","slug":"moll-motor-vuelve-a-sus-origenes-y-relanza-la-marca-espanola-ebro","status":"publish","type":"post","link":"https:\/\/infogandia.es\/index.php\/2024\/11\/13\/moll-motor-vuelve-a-sus-origenes-y-relanza-la-marca-espanola-ebro\/","title":{"rendered":"Moll Motor Vuelve a Sus Or\u00edgenes y Relanza la Marca Espa\u00f1ola EBRO"},"content":{"rendered":"\n<p>Moll Motor ha dado un paso significativo hacia el futuro con el anuncio de la incorporaci\u00f3n de EBRO a su grupo empresarial. Esta marca espa\u00f1ola, con la que los fundadores de Moll Motor comenzaron su andadura hace 61 a\u00f1os, ser\u00e1 ahora una de las grandes apuestas de la compa\u00f1\u00eda para ampliar su oferta comercial.<\/p>\n\n\n\n<p>Los CEOs de Moll Motor, V\u00edctor Moll y Javier Moll, compartieron la noticia durante una rueda de prensa celebrada esta ma\u00f1ana, destacando la importancia de este regreso a los or\u00edgenes para la empresa. EBRO, que comenz\u00f3 como fabricante de veh\u00edculos industriales, se relanzar\u00e1 bajo el paraguas de Moll Motor con una nueva gama de coches para particulares, y comenzar\u00e1 su producci\u00f3n en la Zona Franca de Barcelona a partir del pr\u00f3ximo 4 de diciembre.<\/p>\n\n\n\n<p>V\u00edctor Moll, CEO de Moll Motor, expres\u00f3 su entusiasmo por la nueva etapa de EBRO, subrayando la relevancia de apostar por una marca espa\u00f1ola. <strong><em>\u201cEs un orgullo poder comercializar EBRO de nuevo. Se trata de un proyecto emocionante, con una clara apuesta por la tecnolog\u00eda avanzada, la producci\u00f3n local y, sobre todo, por democratizar la movilidad. Volver a ofrecer productos de calidad fabricados en nuestro pa\u00eds es una gran satisfacci\u00f3n\u201d,<\/em><\/strong> afirm\u00f3 V\u00edctor Moll.<\/p>\n\n\n\n<p>El objetivo de esta reactivaci\u00f3n es ofrecer coches que combinan la innovaci\u00f3n tecnol\u00f3gica con una producci\u00f3n local, al mismo tiempo que se busca garantizar el acceso de todos los p\u00fablicos a veh\u00edculos m\u00e1s sostenibles y avanzados.<\/p>\n\n\n\n<p>Por su parte, Javier Moll, CEO de Moll Motor, record\u00f3 los or\u00edgenes de la empresa, que precisamente empezaron con la comercializaci\u00f3n de veh\u00edculos industriales de EBRO hace m\u00e1s de seis d\u00e9cadas. <strong><em>\u201cVolver a nuestros or\u00edgenes es una sensaci\u00f3n incre\u00edble. EBRO fue nuestro pasado, es nuestro presente y estamos convencidos de que ser\u00e1 el futuro de muchos habitantes de La Safor, La Marina, La Costera y La Ribera\u201d, <\/em><\/strong>se\u00f1al\u00f3 Javier Moll, haciendo referencia a la hist\u00f3rica vinculaci\u00f3n de la empresa con la regi\u00f3n.<\/p>\n\n\n\n<p>EBRO y Moll Motor comparten una larga trayectoria en la comercializaci\u00f3n de veh\u00edculos, particularmente en la venta de furgonetas y camiones. Los fundadores de Moll Motor fueron claves en el desarrollo comercial e industrial de la zona de la Safor, La Marina, La Costera y La Ribera durante los primeros a\u00f1os de la marca. Sin embargo, tras d\u00e9cadas de distanciamiento, los caminos de ambas empresas se reencuentran ahora con el lanzamiento de una nueva l\u00ednea de veh\u00edculos para particulares.<\/p>\n\n\n\n<p>Este relanzamiento tiene un fuerte componente local y de cercan\u00eda, ya que Moll Motor ha anunciado que informar\u00e1 pr\u00f3ximamente sobre los detalles del lanzamiento de EBRO en las ciudades de Gandia, Denia, X\u00e0tiva y Alzira. Adem\u00e1s, invitaron a todos los vecinos y vecinas de La Safor y La Marina a seguir sus redes sociales para conocer todas las sorpresas que tienen preparadas, incluyendo promociones y eventos especiales.<\/p>\n\n\n\n<p>El relanzamiento de EBRO bajo el liderazgo de Moll Motor no solo es un retorno a los or\u00edgenes, sino tambi\u00e9n una clara mirada al futuro. La marca se enfocar\u00e1 en la innovaci\u00f3n, la sostenibilidad y la accesibilidad, buscando ser una opci\u00f3n atractiva para los conductores del siglo XXI.<\/p>\n\n\n\n<p>Con esta nueva etapa, Moll Motor refuerza su posici\u00f3n como uno de los grupos empresariales m\u00e1s importantes del sector automovil\u00edstico, con una cartera que ya incluye m\u00e1s de diez marcas internacionales. Y con EBRO, una marca que tiene un fuerte v\u00ednculo con el pasado de la empresa, Moll Motor asegura que seguir\u00e1 marcando la diferencia en el mercado espa\u00f1ol.<\/p>\n\n\n\n<p>Los responsables de Moll Motor han asegurado que seguir\u00e1n informando sobre los avances y detalles del lanzamiento de los nuevos modelos de EBRO, y animan a los interesados a estar atentos a sus plataformas digitales. Se espera que el relanzamiento de EBRO genere un gran impacto tanto en el sector automovil\u00edstico como en la econom\u00eda local.<\/p>\n","protected":false},"excerpt":{"rendered":"<p>Moll Motor ha dado un paso significativo hacia el futuro con el anuncio de la incorporaci\u00f3n de EBRO a su grupo empresarial. Esta marca espa\u00f1ola, con la que los fundadores de Moll Motor comenzaron su andadura hace 61 a\u00f1os, ser\u00e1 ahora una de las grandes apuestas de la compa\u00f1\u00eda para ampliar su oferta comercial. Los&#8230;<\/p>\n","protected":false},"author":1,"featured_media":5028,"comment_status":"open","ping_status":"open","sticky":false,"template":"","format":"standard","meta":{"footnotes":""},"categories":[1,27],"tags":[],"class_list":["post-5027","post","type-post","status-publish","format-standard","has-post-thumbnail","hentry","category-actualidad","category-sociedad"],"_links":{"self":[{"href":"https:\/\/infogandia.es\/index.php\/wp-json\/wp\/v2\/posts\/5027","targetHints":{"allow":["GET"]}}],"collection":[{"href":"https:\/\/infogandia.es\/index.php\/wp-json\/wp\/v2\/posts"}],"about":[{"href":"https:\/\/infogandia.es\/index.php\/wp-json\/wp\/v2\/types\/post"}],"author":[{"embeddable":true,"href":"https:\/\/infogandia.es\/index.php\/wp-json\/wp\/v2\/users\/1"}],"replies":[{"embeddable":true,"href":"https:\/\/infogandia.es\/index.php\/wp-json\/wp\/v2\/comments?post=5027"}],"version-history":[{"count":1,"href":"https:\/\/infogandia.es\/index.php\/wp-json\/wp\/v2\/posts\/5027\/revisions"}],"predecessor-version":[{"id":5029,"href":"https:\/\/infogandia.es\/index.php\/wp-json\/wp\/v2\/posts\/5027\/revisions\/5029"}],"wp:featuredmedia":[{"embeddable":true,"href":"https:\/\/infogandia.es\/index.php\/wp-json\/wp\/v2\/media\/5028"}],"wp:attachment":[{"href":"https:\/\/infogandia.es\/index.php\/wp-json\/wp\/v2\/media?parent=5027"}],"wp:term":[{"taxonomy":"category","embeddable":true,"href":"https:\/\/infogandia.es\/index.php\/wp-json\/wp\/v2\/categories?post=5027"},{"taxonomy":"post_tag","embeddable":true,"href":"https:\/\/infogandia.es\/index.php\/wp-json\/wp\/v2\/tags?post=5027"}],"curies":[{"name":"wp","href":"https:\/\/api.w.org\/{rel}","templated":true}]}}