{"id":5072,"date":"2024-11-14T11:24:47","date_gmt":"2024-11-14T11:24:47","guid":{"rendered":"https:\/\/infogandia.es\/?p=5072"},"modified":"2024-11-14T11:25:21","modified_gmt":"2024-11-14T11:25:21","slug":"polemica-en-el-futbol-valenciano-el-club-gandia-bajo-acusacion-de-aprovecharse-de-la-crisis-en-algemesi-para-captar-jugadores","status":"publish","type":"post","link":"https:\/\/infogandia.es\/index.php\/2024\/11\/14\/polemica-en-el-futbol-valenciano-el-club-gandia-bajo-acusacion-de-aprovecharse-de-la-crisis-en-algemesi-para-captar-jugadores\/","title":{"rendered":"El CF Gandia bajo acusaci\u00f3n de aprovecharse de la crisis en Algemes\u00ed para captar jugadores"},"content":{"rendered":"\n<p><em>El club Gandia enfrenta duras cr\u00edticas tras ser se\u00f1alado por atraer futbolistas de Algemes\u00ed, una zona severamente afectada por el temporal.<\/em><\/p>\n\n\n\n<p>La devastaci\u00f3n que ha causado la DANA en municipios de la Comunidad Valenciana, como Algemes\u00ed, ha generado serias complicaciones para la pr\u00e1ctica deportiva, especialmente en el \u00e1mbito del f\u00fatbol. Sin embargo, los desaf\u00edos estructurales han pasado a un segundo plano ante la indignaci\u00f3n desatada por una presunta maniobra del CF Gandia para reclutar a jugadores de Algemes\u00ed, en un momento en que este municipio lucha por reconstruir sus instalaciones deportivas.<\/p>\n\n\n\n<p>Mario M\u00e9ndez, exjugador y entrenador de Algemes\u00ed, no ocult\u00f3 su malestar ante esta situaci\u00f3n, considerando la actitud del Gandia como un intento de aprovecharse de las circunstancias. <strong><em>&#8220;Mientras nosotros estamos literalmente sacando barro y tratando de recuperar lo perdido, ellos se acercan a nuestros jugadores sin previo aviso. Creemos que existen maneras mucho m\u00e1s \u00e9ticas y respetuosas de proceder&#8221;<\/em><\/strong>, se\u00f1al\u00f3 M\u00e9ndez, visiblemente molesto.<\/p>\n\n\n\n<figure class=\"wp-block-embed is-type-video is-provider-youtube wp-block-embed-youtube wp-embed-aspect-16-9 wp-has-aspect-ratio\"><div class=\"wp-block-embed__wrapper\">\n<iframe title=\"EL TERTULION GANDIA |  Indignaci\u00f3n en Algemes\u00ed: &quot;Mientras sac\u00e1bamos barro, nos quitaban un jugador&quot;\" width=\"640\" height=\"360\" src=\"https:\/\/www.youtube.com\/embed\/amcsQx5_1fc?feature=oembed\" frameborder=\"0\" allow=\"accelerometer; autoplay; clipboard-write; encrypted-media; gyroscope; picture-in-picture; web-share\" referrerpolicy=\"strict-origin-when-cross-origin\" allowfullscreen><\/iframe>\n<\/div><\/figure>\n\n\n\n<p>El malestar en Algemes\u00ed es palpable, especialmente porque el acercamiento del Gandia se realiz\u00f3 sin la autorizaci\u00f3n previa del club. &#8220;<strong><em>Nuestros jugadores tienen libertad para entrenar donde quieran, pero no es aceptable que se tomen estas iniciativas a espaldas del equipo. En este momento estamos enfocados en la recuperaci\u00f3n, y esperamos que los dem\u00e1s clubes act\u00faen con sensibilidad y empat\u00eda&#8221;<\/em><\/strong>, a\u00f1adi\u00f3 M\u00e9ndez.<\/p>\n\n\n\n<p>La situaci\u00f3n ha abierto un debate en el f\u00fatbol valenciano sobre la \u00e9tica y el respeto en momentos de crisis. Mientras que algunos en Gandia argumentan que cada club tiene derecho a reforzarse, la comunidad de Algemes\u00ed siente que esta acci\u00f3n llega en el peor momento. Adem\u00e1s, varios padres y entrenadores temen que este tipo de pr\u00e1cticas pueda desmoralizar a los j\u00f3venes jugadores, quienes ven su lugar de entrenamiento y sus sue\u00f1os deportivos en pausa mientras su ciudad se recupera.<\/p>\n\n\n\n<p>Este incidente ha puesto de relieve las tensiones entre clubes y plantea la necesidad de establecer protocolos para que, en situaciones de emergencia como la actual, los equipos afectados puedan recuperar su normalidad sin presiones externas. Mientras tanto, desde Algemes\u00ed, M\u00e9ndez y otros representantes han instado a la federaci\u00f3n a intervenir y asegurarse de que las pr\u00e1cticas entre clubes se mantengan dentro de un marco de respeto y solidaridad.<\/p>\n","protected":false},"excerpt":{"rendered":"<p>El club Gandia enfrenta duras cr\u00edticas tras ser se\u00f1alado por atraer futbolistas de Algemes\u00ed, una zona severamente afectada por el temporal. La devastaci\u00f3n que ha causado la DANA en municipios de la Comunidad Valenciana, como Algemes\u00ed, ha generado serias complicaciones para la pr\u00e1ctica deportiva, especialmente en el \u00e1mbito del f\u00fatbol. Sin embargo, los desaf\u00edos estructurales&#8230;<\/p>\n","protected":false},"author":1,"featured_media":5073,"comment_status":"open","ping_status":"open","sticky":false,"template":"","format":"standard","meta":{"footnotes":""},"categories":[1,4],"tags":[],"class_list":["post-5072","post","type-post","status-publish","format-standard","has-post-thumbnail","hentry","category-actualidad","category-deporte"],"_links":{"self":[{"href":"https:\/\/infogandia.es\/index.php\/wp-json\/wp\/v2\/posts\/5072","targetHints":{"allow":["GET"]}}],"collection":[{"href":"https:\/\/infogandia.es\/index.php\/wp-json\/wp\/v2\/posts"}],"about":[{"href":"https:\/\/infogandia.es\/index.php\/wp-json\/wp\/v2\/types\/post"}],"author":[{"embeddable":true,"href":"https:\/\/infogandia.es\/index.php\/wp-json\/wp\/v2\/users\/1"}],"replies":[{"embeddable":true,"href":"https:\/\/infogandia.es\/index.php\/wp-json\/wp\/v2\/comments?post=5072"}],"version-history":[{"count":4,"href":"https:\/\/infogandia.es\/index.php\/wp-json\/wp\/v2\/posts\/5072\/revisions"}],"predecessor-version":[{"id":5077,"href":"https:\/\/infogandia.es\/index.php\/wp-json\/wp\/v2\/posts\/5072\/revisions\/5077"}],"wp:featuredmedia":[{"embeddable":true,"href":"https:\/\/infogandia.es\/index.php\/wp-json\/wp\/v2\/media\/5073"}],"wp:attachment":[{"href":"https:\/\/infogandia.es\/index.php\/wp-json\/wp\/v2\/media?parent=5072"}],"wp:term":[{"taxonomy":"category","embeddable":true,"href":"https:\/\/infogandia.es\/index.php\/wp-json\/wp\/v2\/categories?post=5072"},{"taxonomy":"post_tag","embeddable":true,"href":"https:\/\/infogandia.es\/index.php\/wp-json\/wp\/v2\/tags?post=5072"}],"curies":[{"name":"wp","href":"https:\/\/api.w.org\/{rel}","templated":true}]}}