{"id":5078,"date":"2024-11-15T08:11:24","date_gmt":"2024-11-15T08:11:24","guid":{"rendered":"https:\/\/infogandia.es\/?p=5078"},"modified":"2024-11-15T08:11:24","modified_gmt":"2024-11-15T08:11:24","slug":"armin-van-buuren-padre-de-la-electronica-moderna-vuelve-a-valencia-tras-una-decada","status":"publish","type":"post","link":"https:\/\/infogandia.es\/index.php\/2024\/11\/15\/armin-van-buuren-padre-de-la-electronica-moderna-vuelve-a-valencia-tras-una-decada\/","title":{"rendered":"Armin van Buuren, \u2018padre\u2019 de la electr\u00f3nica moderna, vuelve a Valencia tras una d\u00e9cada"},"content":{"rendered":"\n<p>El ic\u00f3nico DJ y productor holand\u00e9s Armin van Buuren, considerado una leyenda de la m\u00fasica electr\u00f3nica moderna, regresa a Valencia despu\u00e9s de diez a\u00f1os. Ser\u00e1 el primer cabeza de cartel del <strong>Medusa Festival 2025<\/strong>, que tendr\u00e1 lugar del <strong>7 al 11 de agosto en la Playa de Cullera<\/strong>, consolidando su estatus como el evento electr\u00f3nico m\u00e1s multitudinario de Espa\u00f1a.<\/p>\n\n\n\n<p>La \u00faltima actuaci\u00f3n de Armin en Valencia fue en el verano de 2014, cuando present\u00f3 su show en solitario <em>Armin Only Intense<\/em> en la Feria de Valencia, reuniendo a cerca de 10.000 fans. Ahora, a sus 47 a\u00f1os y con una trayectoria de 25 a\u00f1os como l\u00edder indiscutible del Trance, el neerland\u00e9s vuelve para encabezar el festival con un espect\u00e1culo que promete ser inolvidable.<\/p>\n\n\n\n<h3 class=\"wp-block-heading\">Entradas solidarias a la venta<\/h3>\n\n\n\n<p>El <strong>20 de noviembre<\/strong> se pondr\u00e1n a la venta las primeras entradas para el Medusa Festival 2025. Adem\u00e1s, la organizaci\u00f3n lanzar\u00e1 una iniciativa solidaria para ayudar a las personas afectadas por la reciente <strong>DANA<\/strong> en la Comunidad Valenciana. Los asistentes podr\u00e1n hacer donaciones voluntarias al comprar sus tickets, y el festival duplicar\u00e1 cada euro recaudado.<\/p>\n\n\n\n<p>Medusa tambi\u00e9n ha contribuido directamente en la recuperaci\u00f3n de localidades afectadas, como Algemes\u00ed, con cuadrillas de trabajadores, maquinaria y suministros.<\/p>\n\n\n\n<h3 class=\"wp-block-heading\">Un festival lleno de nostalgia: \u2018Arcade Land\u2019<\/h3>\n\n\n\n<p>La edici\u00f3n 2025 del Medusa Festival se inspira en la cultura de los videojuegos y las salas recreativas de los a\u00f1os 80 y 90, con la tem\u00e1tica <strong>\u2018Arcade Land\u2019<\/strong>. Junto a Van Buuren, se esperan m\u00e1s confirmaciones de artistas de los g\u00e9neros <strong>Trance, Techno, Hardstyle, EDM<\/strong> y m\u00e1s.<\/p>\n\n\n\n<figure class=\"wp-block-image size-large\"><img fetchpriority=\"high\" decoding=\"async\" width=\"819\" height=\"1024\" src=\"https:\/\/infogandia.es\/wp-content\/uploads\/2024\/11\/arminvanbuuren_02-819x1024.jpg\" alt=\"\" class=\"wp-image-5080\" srcset=\"https:\/\/infogandia.es\/wp-content\/uploads\/2024\/11\/arminvanbuuren_02-819x1024.jpg 819w, https:\/\/infogandia.es\/wp-content\/uploads\/2024\/11\/arminvanbuuren_02-240x300.jpg 240w, https:\/\/infogandia.es\/wp-content\/uploads\/2024\/11\/arminvanbuuren_02-768x960.jpg 768w, https:\/\/infogandia.es\/wp-content\/uploads\/2024\/11\/arminvanbuuren_02-1229x1536.jpg 1229w, https:\/\/infogandia.es\/wp-content\/uploads\/2024\/11\/arminvanbuuren_02.jpg 1600w\" sizes=\"(max-width: 819px) 100vw, 819px\" \/><\/figure>\n\n\n\n<h4 class=\"wp-block-heading\">Informaci\u00f3n del Medusa Festival<\/h4>\n\n\n\n<ul class=\"wp-block-list\">\n<li><strong>D\u00f3nde:<\/strong> Playa de Cullera (Valencia)<\/li>\n\n\n\n<li><strong>Cu\u00e1ndo:<\/strong> 7, 8, 9, 10 y 11 de agosto de 2025<\/li>\n\n\n\n<li><strong>Estilos:<\/strong> Techno, House, Trance, Bass Music, Remember, entre otros<\/li>\n\n\n\n<li><strong>Web:<\/strong> <a href=\"https:\/\/www.medusasunbeach.com\">medusasunbeach.com<\/a><\/li>\n\n\n\n<li><strong>Redes sociales:<\/strong>\n<ul class=\"wp-block-list\">\n<li>Instagram: <a href=\"https:\/\/www.instagram.com\/medusa_festival\">@medusa_festival<\/a><\/li>\n\n\n\n<li>TikTok: <a href=\"https:\/\/www.tiktok.com\/@medusafestival\">@medusafestival<\/a><\/li>\n\n\n\n<li>Twitter: <a href=\"https:\/\/twitter.com\/MedusaFestival\">@MedusaFestival<\/a><\/li>\n<\/ul>\n<\/li>\n<\/ul>\n","protected":false},"excerpt":{"rendered":"<p>El ic\u00f3nico DJ y productor holand\u00e9s Armin van Buuren, considerado una leyenda de la m\u00fasica electr\u00f3nica moderna, regresa a Valencia despu\u00e9s de diez a\u00f1os. Ser\u00e1 el primer cabeza de cartel del Medusa Festival 2025, que tendr\u00e1 lugar del 7 al 11 de agosto en la Playa de Cullera, consolidando su estatus como el evento electr\u00f3nico&#8230;<\/p>\n","protected":false},"author":1,"featured_media":5079,"comment_status":"open","ping_status":"open","sticky":false,"template":"","format":"standard","meta":{"footnotes":""},"categories":[1,57],"tags":[],"class_list":["post-5078","post","type-post","status-publish","format-standard","has-post-thumbnail","hentry","category-actualidad","category-turismo"],"_links":{"self":[{"href":"https:\/\/infogandia.es\/index.php\/wp-json\/wp\/v2\/posts\/5078","targetHints":{"allow":["GET"]}}],"collection":[{"href":"https:\/\/infogandia.es\/index.php\/wp-json\/wp\/v2\/posts"}],"about":[{"href":"https:\/\/infogandia.es\/index.php\/wp-json\/wp\/v2\/types\/post"}],"author":[{"embeddable":true,"href":"https:\/\/infogandia.es\/index.php\/wp-json\/wp\/v2\/users\/1"}],"replies":[{"embeddable":true,"href":"https:\/\/infogandia.es\/index.php\/wp-json\/wp\/v2\/comments?post=5078"}],"version-history":[{"count":1,"href":"https:\/\/infogandia.es\/index.php\/wp-json\/wp\/v2\/posts\/5078\/revisions"}],"predecessor-version":[{"id":5081,"href":"https:\/\/infogandia.es\/index.php\/wp-json\/wp\/v2\/posts\/5078\/revisions\/5081"}],"wp:featuredmedia":[{"embeddable":true,"href":"https:\/\/infogandia.es\/index.php\/wp-json\/wp\/v2\/media\/5079"}],"wp:attachment":[{"href":"https:\/\/infogandia.es\/index.php\/wp-json\/wp\/v2\/media?parent=5078"}],"wp:term":[{"taxonomy":"category","embeddable":true,"href":"https:\/\/infogandia.es\/index.php\/wp-json\/wp\/v2\/categories?post=5078"},{"taxonomy":"post_tag","embeddable":true,"href":"https:\/\/infogandia.es\/index.php\/wp-json\/wp\/v2\/tags?post=5078"}],"curies":[{"name":"wp","href":"https:\/\/api.w.org\/{rel}","templated":true}]}}