{"id":5082,"date":"2024-11-18T14:33:00","date_gmt":"2024-11-18T14:33:00","guid":{"rendered":"https:\/\/infogandia.es\/?p=5082"},"modified":"2024-11-18T14:33:00","modified_gmt":"2024-11-18T14:33:00","slug":"gandia-presenta-la-programacion-del-25n-con-el-lema-rompe-el-silencio-para-concienciar-contra-la-violencia-de-genero","status":"publish","type":"post","link":"https:\/\/infogandia.es\/index.php\/2024\/11\/18\/gandia-presenta-la-programacion-del-25n-con-el-lema-rompe-el-silencio-para-concienciar-contra-la-violencia-de-genero\/","title":{"rendered":"Gandia presenta la programaci\u00f3n del 25N con el lema \u201cRompe el silencio\u201d para concienciar contra la violencia de g\u00e9nero"},"content":{"rendered":"\n<p>El alcalde de Gandia, <strong>Jos\u00e9 Manuel Prieto<\/strong>, y la edil de Igualdad, Diversidad y LGTBI, <strong>Maribel Codina<\/strong>, han dado a conocer la programaci\u00f3n dise\u00f1ada por el Ayuntamiento con motivo del <strong>D\u00eda Internacional contra la Violencia de G\u00e9nero<\/strong>, que se celebra el pr\u00f3ximo 25 de noviembre. Este a\u00f1o, el lema elegido es <strong>\u201cRompe el silencio\u201d<\/strong>, con el objetivo de animar a denunciar los casos de machismo y violencia de g\u00e9nero.<\/p>\n\n\n\n<p>Durante la presentaci\u00f3n, Codina destac\u00f3 la importancia de alzar la voz y actuar ante cualquier agresi\u00f3n. \u201cEl 25 de noviembre debe servir para concienciar, no callar y se\u00f1alar la violencia de g\u00e9nero. No podemos quedarnos con los brazos cruzados; cualquier persona puede llamar al 016 o acudir a recursos especializados sin miedo\u201d, declar\u00f3 la edil.<\/p>\n\n\n\n<h3 class=\"wp-block-heading\"><strong>Inauguraci\u00f3n y actividades previas<\/strong><\/h3>\n\n\n\n<p>La programaci\u00f3n arranca ma\u00f1ana, 19 de noviembre, con la inauguraci\u00f3n a las 10:00 horas de la exposici\u00f3n de trabajos manuales del alumnado de <strong>Auna Inclusi\u00f3n<\/strong>, bajo el lema \u201cRompe el silencio\u201d, en la planta baja del <strong>Edificio del Tossal<\/strong>.<\/p>\n\n\n\n<p>Entre las iniciativas destacadas se encuentra el <strong>V Concurso de Fotograf\u00eda \u201cEmpod\u00e9rate, cambia el objetivo\u201d<\/strong>, cuyo tema central es \u201cRompe el Silencio\u201d. Este concurso seleccionar\u00e1 13 fotograf\u00edas, de las cuales las tres mejores recibir\u00e1n premios de entre 100 y 200 euros.<\/p>\n\n\n\n<p>Asimismo, se ha lanzado el <strong>I Concurso de Pancartas<\/strong>, dirigido a los m\u00e1s j\u00f3venes, cuyos premios ser\u00e1n entregados en una concentraci\u00f3n que tendr\u00e1 lugar en la <strong>Plaza del Ayuntamiento<\/strong> el pr\u00f3ximo 25 de noviembre, con la participaci\u00f3n de los centros educativos locales.<\/p>\n\n\n\n<h3 class=\"wp-block-heading\"><strong>Talleres y exposiciones solidarias<\/strong><\/h3>\n\n\n\n<p>Como parte del proyecto <strong>\u201cVoces Transformadoras\u201d<\/strong>, se realizar\u00e1n talleres de autodefensa y seguridad en el <strong>Centro Social de Marxuquera<\/strong>, el <strong>Edificio Tossal<\/strong> y el <strong>IES Veles i Vents<\/strong>.<\/p>\n\n\n\n<p>La <strong>Universidad Popular de Gandia (UPG)<\/strong> tambi\u00e9n se suma a la causa con una exposici\u00f3n y venta solidaria de fotograf\u00edas en beneficio de la Asociaci\u00f3n <strong>Rosa dels Vents<\/strong>, que estar\u00e1 abierta del 18 al 25 de noviembre en el <strong>Claustro de la Biblioteca<\/strong>.<\/p>\n\n\n\n<p>Por su parte, el <strong>Centro Internacional de Gandia de la Universitat de Val\u00e8ncia<\/strong> ha organizado una jornada sobre la nueva directiva de protecci\u00f3n y asistencia a v\u00edctimas de violencia de g\u00e9nero y ciberviolencia, cuya fecha ser\u00e1 anunciada pr\u00f3ximamente.<\/p>\n\n\n\n<h3 class=\"wp-block-heading\"><strong>Actos centrales del 25 de noviembre<\/strong><\/h3>\n\n\n\n<p>El <strong>25 de noviembre<\/strong>, D\u00eda Internacional contra la Violencia de G\u00e9nero, se llevar\u00e1 a cabo la lectura del manifiesto en la <strong>Plaza Mayor<\/strong> y la entrega de premios de los concursos de fotograf\u00eda y pancartas.<\/p>\n\n\n\n<h3 class=\"wp-block-heading\"><strong>Contactos de ayuda contra la violencia de g\u00e9nero<\/strong><\/h3>\n\n\n\n<ul class=\"wp-block-list\">\n<li><strong>016<\/strong>: Tel\u00e9fono gratuito de atenci\u00f3n a v\u00edctimas. No deja rastro en la factura, aunque es necesario eliminarlo del historial de llamadas.<\/li>\n\n\n\n<li><strong>96 295 95 28<\/strong>: \u00c1rea de Igualdad, Diversidad y Pol\u00edticas Inclusivas.<\/li>\n\n\n\n<li><strong>96 287 88 00 \/ 96 287 88 01<\/strong>: Polic\u00eda Local de Gandia.<\/li>\n\n\n\n<li><strong>091<\/strong>: Polic\u00eda Nacional.<\/li>\n\n\n\n<li><strong>112<\/strong>: Tel\u00e9fono de Emergencias.<\/li>\n<\/ul>\n\n\n\n<p>Con esta programaci\u00f3n, Gandia refuerza su compromiso con la igualdad y la lucha contra la violencia de g\u00e9nero, animando a la ciudadan\u00eda a participar y a no permanecer en silencio frente a esta problem\u00e1tica.<\/p>\n","protected":false},"excerpt":{"rendered":"<p>El alcalde de Gandia, Jos\u00e9 Manuel Prieto, y la edil de Igualdad, Diversidad y LGTBI, Maribel Codina, han dado a conocer la programaci\u00f3n dise\u00f1ada por el Ayuntamiento con motivo del D\u00eda Internacional contra la Violencia de G\u00e9nero, que se celebra el pr\u00f3ximo 25 de noviembre. Este a\u00f1o, el lema elegido es \u201cRompe el silencio\u201d, con&#8230;<\/p>\n","protected":false},"author":1,"featured_media":5083,"comment_status":"open","ping_status":"open","sticky":false,"template":"","format":"standard","meta":{"footnotes":""},"categories":[1],"tags":[],"class_list":["post-5082","post","type-post","status-publish","format-standard","has-post-thumbnail","hentry","category-actualidad"],"_links":{"self":[{"href":"https:\/\/infogandia.es\/index.php\/wp-json\/wp\/v2\/posts\/5082","targetHints":{"allow":["GET"]}}],"collection":[{"href":"https:\/\/infogandia.es\/index.php\/wp-json\/wp\/v2\/posts"}],"about":[{"href":"https:\/\/infogandia.es\/index.php\/wp-json\/wp\/v2\/types\/post"}],"author":[{"embeddable":true,"href":"https:\/\/infogandia.es\/index.php\/wp-json\/wp\/v2\/users\/1"}],"replies":[{"embeddable":true,"href":"https:\/\/infogandia.es\/index.php\/wp-json\/wp\/v2\/comments?post=5082"}],"version-history":[{"count":1,"href":"https:\/\/infogandia.es\/index.php\/wp-json\/wp\/v2\/posts\/5082\/revisions"}],"predecessor-version":[{"id":5086,"href":"https:\/\/infogandia.es\/index.php\/wp-json\/wp\/v2\/posts\/5082\/revisions\/5086"}],"wp:featuredmedia":[{"embeddable":true,"href":"https:\/\/infogandia.es\/index.php\/wp-json\/wp\/v2\/media\/5083"}],"wp:attachment":[{"href":"https:\/\/infogandia.es\/index.php\/wp-json\/wp\/v2\/media?parent=5082"}],"wp:term":[{"taxonomy":"category","embeddable":true,"href":"https:\/\/infogandia.es\/index.php\/wp-json\/wp\/v2\/categories?post=5082"},{"taxonomy":"post_tag","embeddable":true,"href":"https:\/\/infogandia.es\/index.php\/wp-json\/wp\/v2\/tags?post=5082"}],"curies":[{"name":"wp","href":"https:\/\/api.w.org\/{rel}","templated":true}]}}