{"id":5089,"date":"2024-11-18T14:34:32","date_gmt":"2024-11-18T14:34:32","guid":{"rendered":"https:\/\/infogandia.es\/?p=5089"},"modified":"2024-11-18T14:35:00","modified_gmt":"2024-11-18T14:35:00","slug":"gandia-acoge-a-33-alumnos-afectados-por-la-dana-en-diferentes-centros-educativos","status":"publish","type":"post","link":"https:\/\/infogandia.es\/index.php\/2024\/11\/18\/gandia-acoge-a-33-alumnos-afectados-por-la-dana-en-diferentes-centros-educativos\/","title":{"rendered":"Gandia acoge a 33 alumnos afectados por la DANA en diferentes centros educativos"},"content":{"rendered":"\n<p>La concejala de Educaci\u00f3n de Gandia, <strong>Esther Sapena Peir\u00f3<\/strong>, ha informado esta ma\u00f1ana sobre la acogida de <strong>33 alumnos provenientes de las zonas afectadas por la DANA<\/strong> en los centros educativos de la ciudad. Estos estudiantes est\u00e1n distribuidos en diferentes niveles educativos: <strong>25 en primaria<\/strong>, <strong>7 en secundaria o bachillerato<\/strong>, y <strong>1 en la Red Municipal de Escoletes Infantiles<\/strong>.<\/p>\n\n\n\n<p>La <strong>Conselleria de Educaci\u00f3n<\/strong> y el <strong>Departamento de Educaci\u00f3n del Ayuntamiento de Gandia<\/strong> han habilitado plazas temporales y gratuitas, en el caso de las Escoletes municipales, para facilitar la integraci\u00f3n de los menores mientras se restablecen los servicios educativos en sus localidades de origen.<\/p>\n\n\n\n<p>Sapena Peir\u00f3 explic\u00f3 que esta medida est\u00e1 dirigida a familias que se han trasladado temporalmente a Gandia por razones laborales o por la p\u00e9rdida de sus viviendas. \u201cLa acogida permanecer\u00e1 activa hasta que las poblaciones afectadas puedan recuperar su normalidad educativa. Nuestro objetivo es <strong>conciliar, apoyar a las familias y garantizar el bienestar emocional de los ni\u00f1os y ni\u00f1as<\/strong> en este dif\u00edcil momento\u201d, destac\u00f3 la edil.<\/p>\n\n\n\n<p>Esta acci\u00f3n solidaria reafirma el compromiso de Gandia con las familias afectadas por la DANA, asegurando que los menores puedan continuar con su formaci\u00f3n y mantener una estabilidad emocional mientras atraviesan esta situaci\u00f3n de emergencia.<\/p>\n","protected":false},"excerpt":{"rendered":"<p>La concejala de Educaci\u00f3n de Gandia, Esther Sapena Peir\u00f3, ha informado esta ma\u00f1ana sobre la acogida de 33 alumnos provenientes de las zonas afectadas por la DANA en los centros educativos de la ciudad. Estos estudiantes est\u00e1n distribuidos en diferentes niveles educativos: 25 en primaria, 7 en secundaria o bachillerato, y 1 en la Red&#8230;<\/p>\n","protected":false},"author":1,"featured_media":5085,"comment_status":"open","ping_status":"open","sticky":false,"template":"","format":"standard","meta":{"footnotes":""},"categories":[1,5,27],"tags":[],"class_list":["post-5089","post","type-post","status-publish","format-standard","has-post-thumbnail","hentry","category-actualidad","category-educacion","category-sociedad"],"_links":{"self":[{"href":"https:\/\/infogandia.es\/index.php\/wp-json\/wp\/v2\/posts\/5089","targetHints":{"allow":["GET"]}}],"collection":[{"href":"https:\/\/infogandia.es\/index.php\/wp-json\/wp\/v2\/posts"}],"about":[{"href":"https:\/\/infogandia.es\/index.php\/wp-json\/wp\/v2\/types\/post"}],"author":[{"embeddable":true,"href":"https:\/\/infogandia.es\/index.php\/wp-json\/wp\/v2\/users\/1"}],"replies":[{"embeddable":true,"href":"https:\/\/infogandia.es\/index.php\/wp-json\/wp\/v2\/comments?post=5089"}],"version-history":[{"count":1,"href":"https:\/\/infogandia.es\/index.php\/wp-json\/wp\/v2\/posts\/5089\/revisions"}],"predecessor-version":[{"id":5090,"href":"https:\/\/infogandia.es\/index.php\/wp-json\/wp\/v2\/posts\/5089\/revisions\/5090"}],"wp:featuredmedia":[{"embeddable":true,"href":"https:\/\/infogandia.es\/index.php\/wp-json\/wp\/v2\/media\/5085"}],"wp:attachment":[{"href":"https:\/\/infogandia.es\/index.php\/wp-json\/wp\/v2\/media?parent=5089"}],"wp:term":[{"taxonomy":"category","embeddable":true,"href":"https:\/\/infogandia.es\/index.php\/wp-json\/wp\/v2\/categories?post=5089"},{"taxonomy":"post_tag","embeddable":true,"href":"https:\/\/infogandia.es\/index.php\/wp-json\/wp\/v2\/tags?post=5089"}],"curies":[{"name":"wp","href":"https:\/\/api.w.org\/{rel}","templated":true}]}}