{"id":5091,"date":"2024-11-18T14:35:47","date_gmt":"2024-11-18T14:35:47","guid":{"rendered":"https:\/\/infogandia.es\/?p=5091"},"modified":"2024-11-18T14:35:47","modified_gmt":"2024-11-18T14:35:47","slug":"el-pp-critica-la-falta-de-cargadores-electricos-en-gandia-mientras-el-gobierno-defiende-sus-avances","status":"publish","type":"post","link":"https:\/\/infogandia.es\/index.php\/2024\/11\/18\/el-pp-critica-la-falta-de-cargadores-electricos-en-gandia-mientras-el-gobierno-defiende-sus-avances\/","title":{"rendered":"El PP critica la falta de cargadores el\u00e9ctricos en Gandia mientras el gobierno defiende sus avances"},"content":{"rendered":"\n<p>El <strong>Partido Popular de Gandia<\/strong> ha denunciado lo que considera una grave carencia de infraestructura para la recarga de veh\u00edculos el\u00e9ctricos en la ciudad. Seg\u00fan su portavoz adjunto, <strong>David Ronda Cardona<\/strong>, es \u201cinconcebible\u201d que una ciudad con m\u00e1s de 80.000 habitantes y cuya poblaci\u00f3n se duplica en verano cuente con <strong>solo dos puntos p\u00fablicos de recarga<\/strong>, situados en la Calle Clot de la Mota y la Avenida del Marqu\u00e9s de Campo, frente a la estaci\u00f3n de Renfe.<\/p>\n\n\n\n<p>Ronda ha calificado la gesti\u00f3n del gobierno socialista encabezado por <strong>Jos\u00e9 Manuel Prieto<\/strong> como un \u201cpostureo\u201d en lugar de un verdadero compromiso con la sostenibilidad. Adem\u00e1s, ha comparado negativamente a Gandia con ciudades m\u00e1s peque\u00f1as como Cullera, que cuenta con <strong>21 puntos de recarga<\/strong> pese a tener una poblaci\u00f3n considerablemente menor.<\/p>\n\n\n\n<p>El PP ha instado al gobierno local a aprovechar las ayudas del <strong>IVACE<\/strong> y los fondos europeos para ampliar la red de carga, una medida que consideran clave para avanzar en los compromisos medioambientales y fomentar la movilidad el\u00e9ctrica. \u201cNo aprovechar estas oportunidades significa dejar pasar un tren clave para el desarrollo de nuestra ciudad\u201d, ha declarado Ronda.<\/p>\n\n\n\n<p>La concejala de Movilidad, <strong>Lydia Morant Var\u00f3<\/strong>, ha rechazado las cr\u00edticas del PP, subrayando que <strong>Gandia dispone de cerca de 20 estaciones de recarga<\/strong> entre puntos p\u00fablicos y privados. Adem\u00e1s de los cargadores en superficie, Morant ha recordado que tambi\u00e9n existen estaciones en <strong>parkings p\u00fablicos del Centro Hist\u00f3rico y la Plaza del Prado<\/strong>.<\/p>\n\n\n\n<p>Morant ha enfatizado que el gobierno local no solo trabaja en la instalaci\u00f3n de puntos p\u00fablicos, sino tambi\u00e9n en fomentar la colaboraci\u00f3n con empresas que ofrecen servicios de carga el\u00e9ctrica. Adem\u00e1s, ha calificado de contradictorio que el PP, que frecuentemente aboga por aumentar la circulaci\u00f3n de veh\u00edculos en la ciudad, ahora demande m\u00e1s infraestructuras para coches el\u00e9ctricos.<\/p>\n\n\n\n<p>\u201cSeguiremos trabajando para mejorar la red de recarga en Gandia y fomentar un modelo de movilidad sostenible y eficiente\u201d, ha concluido Morant, destacando que la estrategia local se basa en un equilibrio entre sostenibilidad y desarrollo urbano.<\/p>\n\n\n\n<p>Este cruce de declaraciones refleja un debate en torno a la sostenibilidad y la movilidad en Gandia, con posturas enfrentadas sobre c\u00f3mo priorizar la infraestructura y los recursos p\u00fablicos para responder a las demandas de una ciudad moderna y respetuosa con el medio ambiente.<\/p>\n","protected":false},"excerpt":{"rendered":"<p>El Partido Popular de Gandia ha denunciado lo que considera una grave carencia de infraestructura para la recarga de veh\u00edculos el\u00e9ctricos en la ciudad. Seg\u00fan su portavoz adjunto, David Ronda Cardona, es \u201cinconcebible\u201d que una ciudad con m\u00e1s de 80.000 habitantes y cuya poblaci\u00f3n se duplica en verano cuente con solo dos puntos p\u00fablicos de&#8230;<\/p>\n","protected":false},"author":1,"featured_media":5092,"comment_status":"open","ping_status":"open","sticky":false,"template":"","format":"standard","meta":{"footnotes":""},"categories":[1,27],"tags":[],"class_list":["post-5091","post","type-post","status-publish","format-standard","has-post-thumbnail","hentry","category-actualidad","category-sociedad"],"_links":{"self":[{"href":"https:\/\/infogandia.es\/index.php\/wp-json\/wp\/v2\/posts\/5091","targetHints":{"allow":["GET"]}}],"collection":[{"href":"https:\/\/infogandia.es\/index.php\/wp-json\/wp\/v2\/posts"}],"about":[{"href":"https:\/\/infogandia.es\/index.php\/wp-json\/wp\/v2\/types\/post"}],"author":[{"embeddable":true,"href":"https:\/\/infogandia.es\/index.php\/wp-json\/wp\/v2\/users\/1"}],"replies":[{"embeddable":true,"href":"https:\/\/infogandia.es\/index.php\/wp-json\/wp\/v2\/comments?post=5091"}],"version-history":[{"count":1,"href":"https:\/\/infogandia.es\/index.php\/wp-json\/wp\/v2\/posts\/5091\/revisions"}],"predecessor-version":[{"id":5093,"href":"https:\/\/infogandia.es\/index.php\/wp-json\/wp\/v2\/posts\/5091\/revisions\/5093"}],"wp:featuredmedia":[{"embeddable":true,"href":"https:\/\/infogandia.es\/index.php\/wp-json\/wp\/v2\/media\/5092"}],"wp:attachment":[{"href":"https:\/\/infogandia.es\/index.php\/wp-json\/wp\/v2\/media?parent=5091"}],"wp:term":[{"taxonomy":"category","embeddable":true,"href":"https:\/\/infogandia.es\/index.php\/wp-json\/wp\/v2\/categories?post=5091"},{"taxonomy":"post_tag","embeddable":true,"href":"https:\/\/infogandia.es\/index.php\/wp-json\/wp\/v2\/tags?post=5091"}],"curies":[{"name":"wp","href":"https:\/\/api.w.org\/{rel}","templated":true}]}}