{"id":5100,"date":"2024-11-20T15:59:13","date_gmt":"2024-11-20T15:59:13","guid":{"rendered":"https:\/\/infogandia.es\/?p=5100"},"modified":"2024-11-20T15:59:14","modified_gmt":"2024-11-20T15:59:14","slug":"gandia-conmemora-el-dia-de-la-memoria-trans-con-un-acto-reivindicativo","status":"publish","type":"post","link":"https:\/\/infogandia.es\/index.php\/2024\/11\/20\/gandia-conmemora-el-dia-de-la-memoria-trans-con-un-acto-reivindicativo\/","title":{"rendered":"Gandia conmemora el D\u00eda de la Memoria Trans con un acto reivindicativo"},"content":{"rendered":"\n<p>Hoy, Gandia se ha unido a la celebraci\u00f3n del <strong>D\u00eda de la Memoria Trans<\/strong> con un emotivo acto que incluy\u00f3 la lectura de un manifiesto y la colocaci\u00f3n de una pancarta conmemorativa. En el evento participaron diversos representantes municipales, reafirmando su compromiso con los derechos del colectivo trans.<\/p>\n\n\n\n<p>El manifiesto record\u00f3 a todas las personas trans que han sufrido y siguen sufriendo violencia de diversos tipos por el simple hecho de ser quienes son. Adem\u00e1s, reivindic\u00f3 el derecho de este colectivo a vivir en igualdad de condiciones que el resto de la ciudadan\u00eda, subrayando la importancia de garantizarles una vida libre de discriminaci\u00f3n y violencia.<\/p>\n\n\n\n<p>Durante la lectura, tambi\u00e9n se destac\u00f3 el progreso logrado en los \u00faltimos a\u00f1os en materia de visibilizaci\u00f3n y derechos para las personas trans. Sin embargo, se alert\u00f3 sobre ciertos comportamientos y pol\u00edticas recientes promovidas por algunas administraciones que van en contra de estos avances y amenazan con deshacer lo conseguido.<\/p>\n\n\n\n<p>Con este acto, Gandia reafirma su compromiso con la defensa de los derechos humanos y la igualdad, enviando un mensaje claro contra la transfobia y a favor de la diversidad y la inclusi\u00f3n.<\/p>\n","protected":false},"excerpt":{"rendered":"<p>Hoy, Gandia se ha unido a la celebraci\u00f3n del D\u00eda de la Memoria Trans con un emotivo acto que incluy\u00f3 la lectura de un manifiesto y la colocaci\u00f3n de una pancarta conmemorativa. En el evento participaron diversos representantes municipales, reafirmando su compromiso con los derechos del colectivo trans. El manifiesto record\u00f3 a todas las personas&#8230;<\/p>\n","protected":false},"author":1,"featured_media":5101,"comment_status":"open","ping_status":"open","sticky":false,"template":"","format":"standard","meta":{"footnotes":""},"categories":[1,27],"tags":[],"class_list":["post-5100","post","type-post","status-publish","format-standard","has-post-thumbnail","hentry","category-actualidad","category-sociedad"],"_links":{"self":[{"href":"https:\/\/infogandia.es\/index.php\/wp-json\/wp\/v2\/posts\/5100","targetHints":{"allow":["GET"]}}],"collection":[{"href":"https:\/\/infogandia.es\/index.php\/wp-json\/wp\/v2\/posts"}],"about":[{"href":"https:\/\/infogandia.es\/index.php\/wp-json\/wp\/v2\/types\/post"}],"author":[{"embeddable":true,"href":"https:\/\/infogandia.es\/index.php\/wp-json\/wp\/v2\/users\/1"}],"replies":[{"embeddable":true,"href":"https:\/\/infogandia.es\/index.php\/wp-json\/wp\/v2\/comments?post=5100"}],"version-history":[{"count":1,"href":"https:\/\/infogandia.es\/index.php\/wp-json\/wp\/v2\/posts\/5100\/revisions"}],"predecessor-version":[{"id":5102,"href":"https:\/\/infogandia.es\/index.php\/wp-json\/wp\/v2\/posts\/5100\/revisions\/5102"}],"wp:featuredmedia":[{"embeddable":true,"href":"https:\/\/infogandia.es\/index.php\/wp-json\/wp\/v2\/media\/5101"}],"wp:attachment":[{"href":"https:\/\/infogandia.es\/index.php\/wp-json\/wp\/v2\/media?parent=5100"}],"wp:term":[{"taxonomy":"category","embeddable":true,"href":"https:\/\/infogandia.es\/index.php\/wp-json\/wp\/v2\/categories?post=5100"},{"taxonomy":"post_tag","embeddable":true,"href":"https:\/\/infogandia.es\/index.php\/wp-json\/wp\/v2\/tags?post=5100"}],"curies":[{"name":"wp","href":"https:\/\/api.w.org\/{rel}","templated":true}]}}