{"id":5103,"date":"2024-11-21T17:29:31","date_gmt":"2024-11-21T17:29:31","guid":{"rendered":"https:\/\/infogandia.es\/?p=5103"},"modified":"2024-11-21T17:29:32","modified_gmt":"2024-11-21T17:29:32","slug":"gandia-inaugura-una-nueva-oficina-de-atencion-a-la-ciudadania-para-mejorar-el-servicio-y-la-agilidad-en-los-tramites","status":"publish","type":"post","link":"https:\/\/infogandia.es\/index.php\/2024\/11\/21\/gandia-inaugura-una-nueva-oficina-de-atencion-a-la-ciudadania-para-mejorar-el-servicio-y-la-agilidad-en-los-tramites\/","title":{"rendered":"Gandia inaugura una nueva Oficina de Atenci\u00f3n a la Ciudadan\u00eda para mejorar el servicio y la agilidad en los tr\u00e1mites"},"content":{"rendered":"\n<p>El alcalde de Gandia, <strong>Jos\u00e9 Manuel Prieto<\/strong>, acompa\u00f1ado por el regidor de Administraci\u00f3n, Gobierno Interior y Recursos Humanos, <strong>Adri\u00e1n Vila<\/strong>, ha inaugurado esta ma\u00f1ana la nueva Oficina de Atenci\u00f3n a la Ciudadan\u00eda, situada en el antiguo mercado municipal, en el <strong>carrer Carmelites, 2<\/strong>.<\/p>\n\n\n\n<p>Este nuevo espacio, dise\u00f1ado como una <strong>ventanilla \u00fanica<\/strong>, permite a los ciudadanos realizar tr\u00e1mites de forma integral y transversal, sin necesidad de derivar gestiones a otros departamentos, siempre que sea posible.<\/p>\n\n\n\n<p>Prieto ha destacado que esta iniciativa es &#8220;estrat\u00e9gica&#8221; y que su puesta en marcha mejorar\u00e1 la <strong>eficacia<\/strong>, la <strong>agilidad<\/strong> y la <strong>rapidez<\/strong> en la atenci\u00f3n al p\u00fablico. \u201cEn cualquier momento, somos capaces de resolver cualquier tr\u00e1mite que los ciudadanos necesiten, lo que supone un <strong>ahorro considerable de tiempo<\/strong> para ambas partes\u201d, afirm\u00f3.<\/p>\n\n\n\n<p>Adem\u00e1s, desde esta misma ubicaci\u00f3n, se gestiona la <strong>oficina del padr\u00f3n municipal<\/strong>, que empez\u00f3 a funcionar el lunes pasado. El alcalde subray\u00f3 que el sistema de <strong>cita previa<\/strong> seguir\u00e1 operativo, pero que las personas con necesidades urgentes podr\u00e1n acudir sin cita y ser atendidas de inmediato. \u201cNo debemos alargar los problemas; debemos darles respuesta de forma inmediata porque es nuestro deber como administraci\u00f3n\u201d, concluy\u00f3 Prieto.<\/p>\n\n\n\n<figure class=\"wp-block-image size-large\"><img fetchpriority=\"high\" decoding=\"async\" width=\"1024\" height=\"683\" src=\"http:\/\/infogandia.es\/wp-content\/uploads\/2024\/11\/241121-frances_241121_1045-1024x683.jpg\" alt=\"\" class=\"wp-image-5105\" srcset=\"https:\/\/infogandia.es\/wp-content\/uploads\/2024\/11\/241121-frances_241121_1045-1024x683.jpg 1024w, https:\/\/infogandia.es\/wp-content\/uploads\/2024\/11\/241121-frances_241121_1045-300x200.jpg 300w, https:\/\/infogandia.es\/wp-content\/uploads\/2024\/11\/241121-frances_241121_1045-768x512.jpg 768w, https:\/\/infogandia.es\/wp-content\/uploads\/2024\/11\/241121-frances_241121_1045-1536x1024.jpg 1536w, https:\/\/infogandia.es\/wp-content\/uploads\/2024\/11\/241121-frances_241121_1045-600x400.jpg 600w, https:\/\/infogandia.es\/wp-content\/uploads\/2024\/11\/241121-frances_241121_1045.jpg 1600w\" sizes=\"(max-width: 1024px) 100vw, 1024px\" \/><\/figure>\n\n\n\n<p>Por su parte, Adri\u00e1n Vila agradeci\u00f3 la implicaci\u00f3n del equipo de trabajadores municipales y destac\u00f3 que el objetivo principal es ofrecer un servicio a\u00fan mejor. \u201cHemos querido dar un giro a la manera de atender a la ciudadan\u00eda para mejorar lo que ya hac\u00edamos bien\u201d, se\u00f1al\u00f3.<\/p>\n\n\n\n<p>En cifras, el consistorio atiende diariamente m\u00e1s de <strong>300 citas<\/strong> entre las oficinas de Gandia y el Grau, en el <strong>Centro Social Marcel\u00b7l\u00ed P\u00e9rez<\/strong>, lo que supone <strong>m\u00e1s de 70.000 citas al a\u00f1o<\/strong>.<\/p>\n\n\n\n<p>El horario de la nueva oficina es de <strong>lunes a viernes, de 8:30 a 14:00<\/strong>, y los lunes por la tarde, de <strong>16:00 a 18:00<\/strong>.<\/p>\n\n\n\n<p>Entre los principales tr\u00e1mites que se pueden realizar est\u00e1n:<\/p>\n\n\n\n<ul class=\"wp-block-list\">\n<li>Registro de entrada para diversos departamentos municipales.<\/li>\n\n\n\n<li>Fe de vida para otros pa\u00edses.<\/li>\n\n\n\n<li>Certificados electr\u00f3nicos y catastrales.<\/li>\n\n\n\n<li>Ventanilla \u00fanica para otras administraciones.<\/li>\n\n\n\n<li>Punto de informaci\u00f3n catastral.<\/li>\n<\/ul>\n\n\n\n<p>Adem\u00e1s, este espacio tambi\u00e9n acoge la <strong>Oficina del Defensor de la Ciudadan\u00eda<\/strong> y dispone de <strong>tablets<\/strong> para que los usuarios puedan preparar parte de la documentaci\u00f3n necesaria, optimizando a\u00fan m\u00e1s los procesos.<\/p>\n\n\n\n<p>Con esta nueva infraestructura, Gandia refuerza su compromiso con la ciudadan\u00eda, garantizando un servicio m\u00e1s eficaz y adaptado a las necesidades actuales.<\/p>\n","protected":false},"excerpt":{"rendered":"<p>El alcalde de Gandia, Jos\u00e9 Manuel Prieto, acompa\u00f1ado por el regidor de Administraci\u00f3n, Gobierno Interior y Recursos Humanos, Adri\u00e1n Vila, ha inaugurado esta ma\u00f1ana la nueva Oficina de Atenci\u00f3n a la Ciudadan\u00eda, situada en el antiguo mercado municipal, en el carrer Carmelites, 2. Este nuevo espacio, dise\u00f1ado como una ventanilla \u00fanica, permite a los ciudadanos&#8230;<\/p>\n","protected":false},"author":1,"featured_media":5104,"comment_status":"open","ping_status":"open","sticky":false,"template":"","format":"standard","meta":{"footnotes":""},"categories":[1,27],"tags":[],"class_list":["post-5103","post","type-post","status-publish","format-standard","has-post-thumbnail","hentry","category-actualidad","category-sociedad"],"_links":{"self":[{"href":"https:\/\/infogandia.es\/index.php\/wp-json\/wp\/v2\/posts\/5103","targetHints":{"allow":["GET"]}}],"collection":[{"href":"https:\/\/infogandia.es\/index.php\/wp-json\/wp\/v2\/posts"}],"about":[{"href":"https:\/\/infogandia.es\/index.php\/wp-json\/wp\/v2\/types\/post"}],"author":[{"embeddable":true,"href":"https:\/\/infogandia.es\/index.php\/wp-json\/wp\/v2\/users\/1"}],"replies":[{"embeddable":true,"href":"https:\/\/infogandia.es\/index.php\/wp-json\/wp\/v2\/comments?post=5103"}],"version-history":[{"count":1,"href":"https:\/\/infogandia.es\/index.php\/wp-json\/wp\/v2\/posts\/5103\/revisions"}],"predecessor-version":[{"id":5109,"href":"https:\/\/infogandia.es\/index.php\/wp-json\/wp\/v2\/posts\/5103\/revisions\/5109"}],"wp:featuredmedia":[{"embeddable":true,"href":"https:\/\/infogandia.es\/index.php\/wp-json\/wp\/v2\/media\/5104"}],"wp:attachment":[{"href":"https:\/\/infogandia.es\/index.php\/wp-json\/wp\/v2\/media?parent=5103"}],"wp:term":[{"taxonomy":"category","embeddable":true,"href":"https:\/\/infogandia.es\/index.php\/wp-json\/wp\/v2\/categories?post=5103"},{"taxonomy":"post_tag","embeddable":true,"href":"https:\/\/infogandia.es\/index.php\/wp-json\/wp\/v2\/tags?post=5103"}],"curies":[{"name":"wp","href":"https:\/\/api.w.org\/{rel}","templated":true}]}}