{"id":5112,"date":"2024-11-21T17:30:40","date_gmt":"2024-11-21T17:30:40","guid":{"rendered":"https:\/\/infogandia.es\/?p=5112"},"modified":"2024-11-21T17:30:40","modified_gmt":"2024-11-21T17:30:40","slug":"faes-y-caixa-popular-renuevan-su-convenio-de-colaboracion-para-apoyar-a-las-empresas-de-la-safor","status":"publish","type":"post","link":"https:\/\/infogandia.es\/index.php\/2024\/11\/21\/faes-y-caixa-popular-renuevan-su-convenio-de-colaboracion-para-apoyar-a-las-empresas-de-la-safor\/","title":{"rendered":"FAES y Caixa Popular renuevan su convenio de colaboraci\u00f3n para apoyar a las empresas de la Safor"},"content":{"rendered":"\n<p>La Federaci\u00f3n de Asociaciones de Empresarios de la Safor (<strong>FAES<\/strong>) ha firmado hoy un nuevo <strong>Convenio de Colaboraci\u00f3n<\/strong> con <strong>Caixa Popular-Caixa Rural<\/strong>, en un acto celebrado en la sede de FAES, ubicada en el Edificio de Fomento de Agricultura, Industria y Comercio de Gandia.<\/p>\n\n\n\n<p>La <strong>Junta Directiva de FAES<\/strong>, reunida el pasado 30 de octubre, ratific\u00f3 la renovaci\u00f3n del acuerdo con Caixa Popular, que ser\u00e1 el <strong>patrocinador anual<\/strong> de la federaci\u00f3n.<\/p>\n\n\n\n<p>El convenio tiene como objetivo principal facilitar la <strong>gesti\u00f3n econ\u00f3mico-financiera<\/strong> de las empresas asociadas y sus trabajadores, reforzando el tejido empresarial de la comarca.<\/p>\n\n\n\n<h3 class=\"wp-block-heading\"><strong>Acciones incluidas en el convenio<\/strong><\/h3>\n\n\n\n<ul class=\"wp-block-list\">\n<li><strong>Formaci\u00f3n y asesoramiento t\u00e9cnico:<\/strong> Caixa Popular proporcionar\u00e1 t\u00e9cnicos para la organizaci\u00f3n de <strong>cursos y jornadas<\/strong> sobre temas financieros y de seguros.<\/li>\n\n\n\n<li><strong>Espacios e infraestructuras:<\/strong> Se pondr\u00e1n a disposici\u00f3n de FAES las instalaciones de Caixa Popular, tanto en sus servicios centrales como en oficinas, para la celebraci\u00f3n de encuentros empresariales.<\/li>\n\n\n\n<li><strong>Acceso a programas de financiaci\u00f3n:<\/strong> Caixa Popular facilitar\u00e1 el acceso a <strong>programas de financiaci\u00f3n empresarial<\/strong> procedentes de la Uni\u00f3n Europea, el Estado y la Comunidad Valenciana, con el objetivo de apoyar tanto a las empresas asociadas como al tejido empresarial de la Safor en general.<\/li>\n<\/ul>\n\n\n\n<p>El acuerdo fue firmado por <strong>David Victoria Cotaina<\/strong>, director de la oficina Gandia Centre de Caixa Popular, y el <strong>vicepresidente de FAES<\/strong>, Ram\u00f3n Soler Blasco, quienes destacaron la importancia de este convenio como una herramienta para promover el desarrollo econ\u00f3mico y empresarial en la comarca.<\/p>\n\n\n\n<p>FAES ha reiterado su compromiso de seguir colaborando con instituciones como Caixa Popular para potenciar el crecimiento y la sostenibilidad de las empresas de la Safor.<\/p>\n","protected":false},"excerpt":{"rendered":"<p>La Federaci\u00f3n de Asociaciones de Empresarios de la Safor (FAES) ha firmado hoy un nuevo Convenio de Colaboraci\u00f3n con Caixa Popular-Caixa Rural, en un acto celebrado en la sede de FAES, ubicada en el Edificio de Fomento de Agricultura, Industria y Comercio de Gandia. La Junta Directiva de FAES, reunida el pasado 30 de octubre,&#8230;<\/p>\n","protected":false},"author":1,"featured_media":5106,"comment_status":"open","ping_status":"open","sticky":false,"template":"","format":"standard","meta":{"footnotes":""},"categories":[1,27],"tags":[],"class_list":["post-5112","post","type-post","status-publish","format-standard","has-post-thumbnail","hentry","category-actualidad","category-sociedad"],"_links":{"self":[{"href":"https:\/\/infogandia.es\/index.php\/wp-json\/wp\/v2\/posts\/5112","targetHints":{"allow":["GET"]}}],"collection":[{"href":"https:\/\/infogandia.es\/index.php\/wp-json\/wp\/v2\/posts"}],"about":[{"href":"https:\/\/infogandia.es\/index.php\/wp-json\/wp\/v2\/types\/post"}],"author":[{"embeddable":true,"href":"https:\/\/infogandia.es\/index.php\/wp-json\/wp\/v2\/users\/1"}],"replies":[{"embeddable":true,"href":"https:\/\/infogandia.es\/index.php\/wp-json\/wp\/v2\/comments?post=5112"}],"version-history":[{"count":1,"href":"https:\/\/infogandia.es\/index.php\/wp-json\/wp\/v2\/posts\/5112\/revisions"}],"predecessor-version":[{"id":5113,"href":"https:\/\/infogandia.es\/index.php\/wp-json\/wp\/v2\/posts\/5112\/revisions\/5113"}],"wp:featuredmedia":[{"embeddable":true,"href":"https:\/\/infogandia.es\/index.php\/wp-json\/wp\/v2\/media\/5106"}],"wp:attachment":[{"href":"https:\/\/infogandia.es\/index.php\/wp-json\/wp\/v2\/media?parent=5112"}],"wp:term":[{"taxonomy":"category","embeddable":true,"href":"https:\/\/infogandia.es\/index.php\/wp-json\/wp\/v2\/categories?post=5112"},{"taxonomy":"post_tag","embeddable":true,"href":"https:\/\/infogandia.es\/index.php\/wp-json\/wp\/v2\/tags?post=5112"}],"curies":[{"name":"wp","href":"https:\/\/api.w.org\/{rel}","templated":true}]}}