{"id":5121,"date":"2024-11-25T19:06:35","date_gmt":"2024-11-25T19:06:35","guid":{"rendered":"https:\/\/infogandia.es\/?p=5121"},"modified":"2024-11-25T19:06:35","modified_gmt":"2024-11-25T19:06:35","slug":"gandia-conmemora-el-25n-dia-internacional-para-la-erradicacion-de-la-violencia-de-genero","status":"publish","type":"post","link":"https:\/\/infogandia.es\/index.php\/2024\/11\/25\/gandia-conmemora-el-25n-dia-internacional-para-la-erradicacion-de-la-violencia-de-genero\/","title":{"rendered":"Gandia conmemora el 25N: D\u00eda Internacional para la Erradicaci\u00f3n de la Violencia de G\u00e9nero"},"content":{"rendered":"\n<p>La ciudad de Gandia se ha unido, un a\u00f1o m\u00e1s, a la conmemoraci\u00f3n del <strong>D\u00eda Internacional para la Erradicaci\u00f3n de la Violencia de G\u00e9nero<\/strong>. Bajo el lema <strong>\u201cRompe el silencio\u201d<\/strong>, la jornada ha tenido como objetivo principal animar a las mujeres a denunciar el machismo y las diversas formas de violencia de g\u00e9nero.<\/p>\n\n\n\n<p>El acto central comenz\u00f3 con un emotivo <strong>minuto de silencio<\/strong> en memoria de todas las mujeres asesinadas por esta lacra social. La ceremonia cont\u00f3 con la participaci\u00f3n del alcalde de Gandia, <strong>Jos\u00e9 Manuel Prieto<\/strong>, la concejala de Igualdad, <strong>Maribel Codina<\/strong>, as\u00ed como otros representantes municipales y estudiantes de centros educativos locales, que se sumaron a las iniciativas organizadas por el Departamento de Igualdad.<\/p>\n\n\n\n<p>Tras el homenaje, la agente de la UFAM (Unidad de Atenci\u00f3n a la Familia y Mujer de la Polic\u00eda Nacional), <strong>Yolanda D\u00edez<\/strong>, ley\u00f3 el manifiesto redactado por la <strong>Federaci\u00f3n Espa\u00f1ola de Municipios y Provincias (FEMP)<\/strong>. En \u00e9l, se destac\u00f3 que la violencia contra las mujeres y ni\u00f1as sigue siendo un problema estructural global que requiere una respuesta conjunta.<\/p>\n\n\n\n<p>El texto subray\u00f3 avances como la <strong>Directiva Europea 2024\/1385<\/strong>, que refuerza la lucha contra la violencia de g\u00e9nero, y llam\u00f3 al Gobierno central a incorporar esta normativa al marco legal espa\u00f1ol, mejorando los servicios de apoyo a las v\u00edctimas y endureciendo las respuestas legales. Adem\u00e1s, se hizo un llamado a toda la sociedad para <strong>romper el silencio<\/strong>, condenar la violencia machista y fomentar una cultura de igualdad y justicia.<\/p>\n\n\n\n<p>Antes de colgar la pancarta conmemorativa en el balc\u00f3n del ayuntamiento, se entregaron los premios de los concursos de fotograf\u00eda y pancartas, organizados por el Departamento de Igualdad para concienciar a los estudiantes sobre la violencia de g\u00e9nero.<\/p>\n\n\n\n<p>En el <strong>concurso de fotograf\u00eda<\/strong>, los galardonados fueron:<\/p>\n\n\n\n<ul class=\"wp-block-list\">\n<li><strong>Primer premio<\/strong>: Julia Savall Esparza<\/li>\n\n\n\n<li><strong>Segundo premio<\/strong>: Encarna Fuster Moreno<\/li>\n\n\n\n<li><strong>Tercer premio<\/strong>: Sara Rebolledo Pedrajas<br>Los finalistas incluyeron a Miriam Esparza Garc\u00eda, David Valiente Pedrajas, y otros j\u00f3venes artistas locales.<\/li>\n<\/ul>\n\n\n\n<p>En el <strong>concurso de pancartas<\/strong>, los premios recayeron en:<\/p>\n\n\n\n<ul class=\"wp-block-list\">\n<li><strong>1\u00ba premio<\/strong>: Aula de 4\u00ba de ESO del Colegio Borja Jesuitas<\/li>\n\n\n\n<li><strong>2\u00ba premio<\/strong>: Aula de Educaci\u00f3n Visual y Pl\u00e1stica del Colegio Abad Sola<\/li>\n\n\n\n<li><strong>3\u00ba premio<\/strong>: Aulas A y B de Inform\u00e1tica del IES Ausi\u00e0s March<\/li>\n\n\n\n<li><strong>4\u00ba premio<\/strong>: Grupo de expresi\u00f3n art\u00edstica del Colegio Gregori Mayans<\/li>\n\n\n\n<li><strong>5\u00ba premio<\/strong>: Aula de 4\u00ba de ESO de expresi\u00f3n art\u00edstica del Colegio Borja Jesuitas<\/li>\n<\/ul>\n\n\n\n<p>El lema de este a\u00f1o, <strong>\u201cRompe el silencio\u201d<\/strong>, invita a las mujeres a denunciar los casos de violencia y busca reforzar el compromiso colectivo contra esta problem\u00e1tica. La jornada concluy\u00f3 con un recordatorio de que el trabajo conjunto y la implicaci\u00f3n de toda la sociedad son esenciales para erradicar la violencia de g\u00e9nero y garantizar una vida digna y libre de miedo para las v\u00edctimas.<\/p>\n","protected":false},"excerpt":{"rendered":"<p>La ciudad de Gandia se ha unido, un a\u00f1o m\u00e1s, a la conmemoraci\u00f3n del D\u00eda Internacional para la Erradicaci\u00f3n de la Violencia de G\u00e9nero. Bajo el lema \u201cRompe el silencio\u201d, la jornada ha tenido como objetivo principal animar a las mujeres a denunciar el machismo y las diversas formas de violencia de g\u00e9nero. El acto&#8230;<\/p>\n","protected":false},"author":1,"featured_media":5122,"comment_status":"open","ping_status":"open","sticky":false,"template":"","format":"standard","meta":{"footnotes":""},"categories":[1,27],"tags":[],"class_list":["post-5121","post","type-post","status-publish","format-standard","has-post-thumbnail","hentry","category-actualidad","category-sociedad"],"_links":{"self":[{"href":"https:\/\/infogandia.es\/index.php\/wp-json\/wp\/v2\/posts\/5121","targetHints":{"allow":["GET"]}}],"collection":[{"href":"https:\/\/infogandia.es\/index.php\/wp-json\/wp\/v2\/posts"}],"about":[{"href":"https:\/\/infogandia.es\/index.php\/wp-json\/wp\/v2\/types\/post"}],"author":[{"embeddable":true,"href":"https:\/\/infogandia.es\/index.php\/wp-json\/wp\/v2\/users\/1"}],"replies":[{"embeddable":true,"href":"https:\/\/infogandia.es\/index.php\/wp-json\/wp\/v2\/comments?post=5121"}],"version-history":[{"count":1,"href":"https:\/\/infogandia.es\/index.php\/wp-json\/wp\/v2\/posts\/5121\/revisions"}],"predecessor-version":[{"id":5123,"href":"https:\/\/infogandia.es\/index.php\/wp-json\/wp\/v2\/posts\/5121\/revisions\/5123"}],"wp:featuredmedia":[{"embeddable":true,"href":"https:\/\/infogandia.es\/index.php\/wp-json\/wp\/v2\/media\/5122"}],"wp:attachment":[{"href":"https:\/\/infogandia.es\/index.php\/wp-json\/wp\/v2\/media?parent=5121"}],"wp:term":[{"taxonomy":"category","embeddable":true,"href":"https:\/\/infogandia.es\/index.php\/wp-json\/wp\/v2\/categories?post=5121"},{"taxonomy":"post_tag","embeddable":true,"href":"https:\/\/infogandia.es\/index.php\/wp-json\/wp\/v2\/tags?post=5121"}],"curies":[{"name":"wp","href":"https:\/\/api.w.org\/{rel}","templated":true}]}}