{"id":5128,"date":"2024-11-26T17:12:58","date_gmt":"2024-11-26T17:12:58","guid":{"rendered":"https:\/\/infogandia.es\/?p=5128"},"modified":"2024-11-26T17:12:58","modified_gmt":"2024-11-26T17:12:58","slug":"gandia-adjudica-la-redaccion-del-proyecto-para-rehabilitar-139-viviendas-y-su-entorno-en-la-calle-safor","status":"publish","type":"post","link":"https:\/\/infogandia.es\/index.php\/2024\/11\/26\/gandia-adjudica-la-redaccion-del-proyecto-para-rehabilitar-139-viviendas-y-su-entorno-en-la-calle-safor\/","title":{"rendered":"Gandia adjudica la redacci\u00f3n del proyecto para rehabilitar 139 viviendas y su entorno en la calle Safor"},"content":{"rendered":"\n<p>El Ayuntamiento de Gandia ha adjudicado a la empresa <strong>Miragall Romaguera<\/strong> la redacci\u00f3n del proyecto de rehabilitaci\u00f3n de 139 viviendas y el entorno urbano de la calle Safor. Este ambicioso plan, enmarcado dentro del <strong>Plan de Vivienda y la estrategia Avant Gandia<\/strong>, cuenta con una financiaci\u00f3n del 90% a trav\u00e9s de los <strong>fondos europeos Next Generation<\/strong>.<\/p>\n\n\n\n<p>En una rueda de prensa conjunta, el concejal delegado de Vivienda, <strong>Salvador Gregori<\/strong>, y la coordinadora general de Urbanismo, <strong>Maite Alonso<\/strong>, han detallado los pasos del proyecto junto a representantes del estudio de arquitectura adjudicatario, Ferm\u00ed Romaguera y Jordi Miragall.<\/p>\n\n\n\n<p><strong>\u201cLa redacci\u00f3n estar\u00e1 lista a mediados de diciembre, lo que permitir\u00e1 licitar las obras entre enero y febrero de 2025\u201d,<\/strong> explic\u00f3 Alonso.<\/p>\n\n\n\n<p>El arquitecto Jordi Miragall destac\u00f3 la relevancia social del proyecto: <strong>\u201cActuar en viviendas vulnerables y zonas sensibles no solo mejora los inmuebles, sino tambi\u00e9n el conjunto de la ciudad\u201d.<\/strong><\/p>\n\n\n\n<p>Entre las principales mejoras previstas, Ferm\u00ed Romaguera subray\u00f3 la reducci\u00f3n del consumo energ\u00e9tico de los inmuebles en un 65%, gracias a actuaciones como:<\/p>\n\n\n\n<ul class=\"wp-block-list\">\n<li>Renovaci\u00f3n de tejados.<\/li>\n\n\n\n<li>Aislamiento de fachadas.<\/li>\n\n\n\n<li>Sustituci\u00f3n de sistemas de agua caliente por aerotermia.<\/li>\n\n\n\n<li>Reforzamiento estructural de edificios.<\/li>\n<\/ul>\n\n\n\n<p>Adem\u00e1s, se destinar\u00e1n m\u00e1s de <strong>130.000 euros para mejorar el entorno urbano<\/strong>, solucionando problemas como filtraciones y deterioro de espacios comunes.<\/p>\n\n\n\n<p>Cada vivienda recibir\u00e1 una ayuda de aproximadamente <strong>24.000 euros<\/strong>, alcanzando un presupuesto total de <strong>3,4 millones de euros<\/strong> para esta fase del plan. El proyecto de la calle Safor es parte de los grandes planes de rehabilitaci\u00f3n en Gandia:<\/p>\n\n\n\n<ol class=\"wp-block-list\">\n<li><strong>Plan de Barrios<\/strong>, que tambi\u00e9n incluir\u00e1 actuaciones en las calles Ferroviarios y Benicanena, con una inversi\u00f3n cercana a los <strong>10 millones de euros<\/strong> para rehabilitar 353 viviendas.<\/li>\n\n\n\n<li><strong>ARRUR (\u00c1reas de Rehabilitaci\u00f3n y Regeneraci\u00f3n Urbana y Rural)<\/strong>, cuyas intervenciones en Corea, Beniopa-El\u00edptica y el barrio del Raval abarcan cerca de 600 viviendas, tambi\u00e9n con un presupuesto de <strong>10 millones de euros<\/strong>.<\/li>\n<\/ol>\n\n\n\n<p><strong>\u201cEntre el Plan de Barrios y los ARRUR, rehabilitaremos unas 1.000 viviendas en mal estado, mejorando tanto la eficiencia energ\u00e9tica como la calidad de vida en los barrios afectados\u201d,<\/strong> concluy\u00f3 Salvador Gregori, quien destac\u00f3 que estas ayudas no computan en el IRPF, lo que supone una ventaja adicional para los beneficiarios.<\/p>\n\n\n\n<p>Con estas iniciativas, Gandia avanza en su compromiso con el desarrollo sostenible, la mejora del patrimonio urbano y el bienestar de sus ciudadanos.<\/p>\n","protected":false},"excerpt":{"rendered":"<p>El Ayuntamiento de Gandia ha adjudicado a la empresa Miragall Romaguera la redacci\u00f3n del proyecto de rehabilitaci\u00f3n de 139 viviendas y el entorno urbano de la calle Safor. Este ambicioso plan, enmarcado dentro del Plan de Vivienda y la estrategia Avant Gandia, cuenta con una financiaci\u00f3n del 90% a trav\u00e9s de los fondos europeos Next&#8230;<\/p>\n","protected":false},"author":1,"featured_media":5126,"comment_status":"open","ping_status":"open","sticky":false,"template":"","format":"standard","meta":{"footnotes":""},"categories":[1,27],"tags":[],"class_list":["post-5128","post","type-post","status-publish","format-standard","has-post-thumbnail","hentry","category-actualidad","category-sociedad"],"_links":{"self":[{"href":"https:\/\/infogandia.es\/index.php\/wp-json\/wp\/v2\/posts\/5128","targetHints":{"allow":["GET"]}}],"collection":[{"href":"https:\/\/infogandia.es\/index.php\/wp-json\/wp\/v2\/posts"}],"about":[{"href":"https:\/\/infogandia.es\/index.php\/wp-json\/wp\/v2\/types\/post"}],"author":[{"embeddable":true,"href":"https:\/\/infogandia.es\/index.php\/wp-json\/wp\/v2\/users\/1"}],"replies":[{"embeddable":true,"href":"https:\/\/infogandia.es\/index.php\/wp-json\/wp\/v2\/comments?post=5128"}],"version-history":[{"count":1,"href":"https:\/\/infogandia.es\/index.php\/wp-json\/wp\/v2\/posts\/5128\/revisions"}],"predecessor-version":[{"id":5129,"href":"https:\/\/infogandia.es\/index.php\/wp-json\/wp\/v2\/posts\/5128\/revisions\/5129"}],"wp:featuredmedia":[{"embeddable":true,"href":"https:\/\/infogandia.es\/index.php\/wp-json\/wp\/v2\/media\/5126"}],"wp:attachment":[{"href":"https:\/\/infogandia.es\/index.php\/wp-json\/wp\/v2\/media?parent=5128"}],"wp:term":[{"taxonomy":"category","embeddable":true,"href":"https:\/\/infogandia.es\/index.php\/wp-json\/wp\/v2\/categories?post=5128"},{"taxonomy":"post_tag","embeddable":true,"href":"https:\/\/infogandia.es\/index.php\/wp-json\/wp\/v2\/tags?post=5128"}],"curies":[{"name":"wp","href":"https:\/\/api.w.org\/{rel}","templated":true}]}}