{"id":5130,"date":"2024-11-26T17:27:14","date_gmt":"2024-11-26T17:27:14","guid":{"rendered":"https:\/\/infogandia.es\/?p=5130"},"modified":"2024-11-26T17:27:14","modified_gmt":"2024-11-26T17:27:14","slug":"gandia-se-prepara-para-la-xi-volta-a-peu-despurna-apadrinada-por-santiago-canizares","status":"publish","type":"post","link":"https:\/\/infogandia.es\/index.php\/2024\/11\/26\/gandia-se-prepara-para-la-xi-volta-a-peu-despurna-apadrinada-por-santiago-canizares\/","title":{"rendered":"Gandia se prepara para la XI Volta a Peu d\u2019Espurna, apadrinada por Santiago Ca\u00f1izares"},"content":{"rendered":"\n<p>La Fundaci\u00f3n Espurna ha presentado hoy la <strong>XI Volta a Peu d\u2019Espurna<\/strong>, una cita deportiva y solidaria que tendr\u00e1 lugar el pr\u00f3ximo <strong>domingo 3 de diciembre<\/strong>, con salida a las 12:00 horas desde la Plaza Tirant. La prueba contar\u00e1 con un recorrido de 1,6 kil\u00f3metros por el centro hist\u00f3rico y el barrio del Raval.<\/p>\n\n\n\n<p>El acto de presentaci\u00f3n, celebrado en la sede de la Fundaci\u00f3n Espurna, ha contado con la asistencia de diversas autoridades, entre ellas la directora general de Discapacidad de la Generalitat Valenciana, <strong>B\u00e0rbara Congost<\/strong>, y el exfutbolista <strong>Santiago Ca\u00f1izares<\/strong>, quien apadrina esta edici\u00f3n del evento.<\/p>\n\n\n\n<p>La Volta a Peu d\u2019Espurna es m\u00e1s que una prueba deportiva. Representa un ejemplo de integraci\u00f3n y superaci\u00f3n, conectando a la ciudadan\u00eda con la realidad de las personas con discapacidad. En esta edici\u00f3n, se espera la participaci\u00f3n de m\u00e1s de <strong>500 personas<\/strong>, quienes disfrutar\u00e1n no solo de la carrera, sino tambi\u00e9n de actividades paralelas, como juegos, animaci\u00f3n y una gran fiesta final que reforzar\u00e1 el esp\u00edritu comunitario del evento.<\/p>\n\n\n\n<p>La Fundaci\u00f3n Espurna ha sido destacada como un referente en valores como la <strong>solidaridad, la inclusi\u00f3n y la integraci\u00f3n<\/strong>. En palabras de los organizadores, la prueba reafirma el compromiso de la instituci\u00f3n con el desarrollo personal a trav\u00e9s del deporte inclusivo.<\/p>\n\n\n\n<p>El exguardameta internacional Santiago Ca\u00f1izares ha mostrado su entusiasmo por apadrinar esta edici\u00f3n, resaltando el papel del deporte como herramienta de superaci\u00f3n y uni\u00f3n social. Su implicaci\u00f3n a\u00f1ade visibilidad a un evento que ya es un cl\u00e1sico en Gandia y que busca sensibilizar sobre la importancia de la igualdad de oportunidades para todas las personas.<\/p>\n\n\n\n<p>Desde la organizaci\u00f3n, se ha invitado a toda la ciudadan\u00eda de Gandia a unirse a la jornada, ya sea participando en la prueba o animando a los corredores. La Volta a Peu d\u2019Espurna se consolida as\u00ed como una fiesta del deporte y la solidaridad, donde el esfuerzo individual y el apoyo colectivo se dan la mano para celebrar los valores de inclusi\u00f3n y diversidad.<\/p>\n\n\n\n<p>La Fundaci\u00f3n Espurna sigue demostrando que el deporte puede ser un motor de cambio social, marcando el camino hacia una sociedad m\u00e1s inclusiva y solidaria.<\/p>\n","protected":false},"excerpt":{"rendered":"<p>La Fundaci\u00f3n Espurna ha presentado hoy la XI Volta a Peu d\u2019Espurna, una cita deportiva y solidaria que tendr\u00e1 lugar el pr\u00f3ximo domingo 3 de diciembre, con salida a las 12:00 horas desde la Plaza Tirant. La prueba contar\u00e1 con un recorrido de 1,6 kil\u00f3metros por el centro hist\u00f3rico y el barrio del Raval. El&#8230;<\/p>\n","protected":false},"author":1,"featured_media":5131,"comment_status":"open","ping_status":"open","sticky":false,"template":"","format":"standard","meta":{"footnotes":""},"categories":[1],"tags":[],"class_list":["post-5130","post","type-post","status-publish","format-standard","has-post-thumbnail","hentry","category-actualidad"],"_links":{"self":[{"href":"https:\/\/infogandia.es\/index.php\/wp-json\/wp\/v2\/posts\/5130","targetHints":{"allow":["GET"]}}],"collection":[{"href":"https:\/\/infogandia.es\/index.php\/wp-json\/wp\/v2\/posts"}],"about":[{"href":"https:\/\/infogandia.es\/index.php\/wp-json\/wp\/v2\/types\/post"}],"author":[{"embeddable":true,"href":"https:\/\/infogandia.es\/index.php\/wp-json\/wp\/v2\/users\/1"}],"replies":[{"embeddable":true,"href":"https:\/\/infogandia.es\/index.php\/wp-json\/wp\/v2\/comments?post=5130"}],"version-history":[{"count":1,"href":"https:\/\/infogandia.es\/index.php\/wp-json\/wp\/v2\/posts\/5130\/revisions"}],"predecessor-version":[{"id":5132,"href":"https:\/\/infogandia.es\/index.php\/wp-json\/wp\/v2\/posts\/5130\/revisions\/5132"}],"wp:featuredmedia":[{"embeddable":true,"href":"https:\/\/infogandia.es\/index.php\/wp-json\/wp\/v2\/media\/5131"}],"wp:attachment":[{"href":"https:\/\/infogandia.es\/index.php\/wp-json\/wp\/v2\/media?parent=5130"}],"wp:term":[{"taxonomy":"category","embeddable":true,"href":"https:\/\/infogandia.es\/index.php\/wp-json\/wp\/v2\/categories?post=5130"},{"taxonomy":"post_tag","embeddable":true,"href":"https:\/\/infogandia.es\/index.php\/wp-json\/wp\/v2\/tags?post=5130"}],"curies":[{"name":"wp","href":"https:\/\/api.w.org\/{rel}","templated":true}]}}