{"id":5133,"date":"2024-11-27T11:08:16","date_gmt":"2024-11-27T11:08:16","guid":{"rendered":"https:\/\/infogandia.es\/?p=5133"},"modified":"2024-11-27T11:08:16","modified_gmt":"2024-11-27T11:08:16","slug":"el-espiritu-navideno-llega-a-gandia-con-luces-actividades-infantiles-y-un-espectacular-arbol-magico","status":"publish","type":"post","link":"https:\/\/infogandia.es\/index.php\/2024\/11\/27\/el-espiritu-navideno-llega-a-gandia-con-luces-actividades-infantiles-y-un-espectacular-arbol-magico\/","title":{"rendered":"El esp\u00edritu navide\u00f1o llega a Gandia con luces, actividades infantiles y un espectacular \u00c1rbol M\u00e1gico"},"content":{"rendered":"\n<p>La ciudad de Gandia dar\u00e1 la bienvenida a la Navidad este viernes 29 de noviembre con un evento lleno de luz, m\u00fasica y diversi\u00f3n. La esperada <em>encendida de las luces navide\u00f1as<\/em> tendr\u00e1 lugar a las 18:00 horas en la Plaza del Prado, marcando el inicio oficial de las celebraciones.<\/p>\n\n\n\n<p>El programa incluye una <em>fiesta infantil organizada por La Colla a Ruta<\/em>, que contar\u00e1 con la actuaci\u00f3n de <em>La Banda de les Feretes<\/em>. Adem\u00e1s, los m\u00e1s peque\u00f1os podr\u00e1n disfrutar de actividades dise\u00f1adas especialmente para ellos, como talleres creativos, pintacaras, una ludoteca, un punto de lectura y un espacio especial para dar la bienvenida a los nuevos miembros de La Colla.<\/p>\n\n\n\n<p>Posteriormente, se inaugurar\u00e1 el gran <em>\u00c1rbol M\u00e1gico de la Navidad<\/em> en la Plaza Mayor. Este espectacular \u00e1rbol de 12 metros de altura ser\u00e1 un gran atractivo tur\u00edstico, ya que los visitantes podr\u00e1n acceder a su interior y subir a su balc\u00f3n para capturar momentos inolvidables.<\/p>\n\n\n\n<p>El \u00c1rbol M\u00e1gico estar\u00e1 abierto al p\u00fablico con el siguiente horario:<\/p>\n\n\n\n<ul class=\"wp-block-list\">\n<li><strong>D\u00edas lectivos:<\/strong> De 17:30 a 20:30 horas.<\/li>\n\n\n\n<li><strong>Festivos y fines de semana:<\/strong> De 11:00 a 13:30 horas y de 17:30 a 20:30 horas.<\/li>\n\n\n\n<li><strong>Del 21 de diciembre al 6 de enero:<\/strong> De 11:00 a 13:30 horas y de 17:30 a 20:30 horas.<br>El \u00e1rbol permanecer\u00e1 cerrado el 25 de diciembre, el 31 de diciembre por la tarde y el 1 de enero.<\/li>\n<\/ul>\n\n\n\n<p>Este evento promete ser una experiencia m\u00e1gica para toda la familia, consolidando a Gandia como un destino ideal para disfrutar de las fiestas navide\u00f1as.<\/p>\n","protected":false},"excerpt":{"rendered":"<p>La ciudad de Gandia dar\u00e1 la bienvenida a la Navidad este viernes 29 de noviembre con un evento lleno de luz, m\u00fasica y diversi\u00f3n. La esperada encendida de las luces navide\u00f1as tendr\u00e1 lugar a las 18:00 horas en la Plaza del Prado, marcando el inicio oficial de las celebraciones. El programa incluye una fiesta infantil&#8230;<\/p>\n","protected":false},"author":1,"featured_media":5134,"comment_status":"open","ping_status":"open","sticky":false,"template":"","format":"standard","meta":{"footnotes":""},"categories":[1],"tags":[],"class_list":["post-5133","post","type-post","status-publish","format-standard","has-post-thumbnail","hentry","category-actualidad"],"_links":{"self":[{"href":"https:\/\/infogandia.es\/index.php\/wp-json\/wp\/v2\/posts\/5133","targetHints":{"allow":["GET"]}}],"collection":[{"href":"https:\/\/infogandia.es\/index.php\/wp-json\/wp\/v2\/posts"}],"about":[{"href":"https:\/\/infogandia.es\/index.php\/wp-json\/wp\/v2\/types\/post"}],"author":[{"embeddable":true,"href":"https:\/\/infogandia.es\/index.php\/wp-json\/wp\/v2\/users\/1"}],"replies":[{"embeddable":true,"href":"https:\/\/infogandia.es\/index.php\/wp-json\/wp\/v2\/comments?post=5133"}],"version-history":[{"count":1,"href":"https:\/\/infogandia.es\/index.php\/wp-json\/wp\/v2\/posts\/5133\/revisions"}],"predecessor-version":[{"id":5136,"href":"https:\/\/infogandia.es\/index.php\/wp-json\/wp\/v2\/posts\/5133\/revisions\/5136"}],"wp:featuredmedia":[{"embeddable":true,"href":"https:\/\/infogandia.es\/index.php\/wp-json\/wp\/v2\/media\/5134"}],"wp:attachment":[{"href":"https:\/\/infogandia.es\/index.php\/wp-json\/wp\/v2\/media?parent=5133"}],"wp:term":[{"taxonomy":"category","embeddable":true,"href":"https:\/\/infogandia.es\/index.php\/wp-json\/wp\/v2\/categories?post=5133"},{"taxonomy":"post_tag","embeddable":true,"href":"https:\/\/infogandia.es\/index.php\/wp-json\/wp\/v2\/tags?post=5133"}],"curies":[{"name":"wp","href":"https:\/\/api.w.org\/{rel}","templated":true}]}}