{"id":5137,"date":"2024-11-27T11:08:45","date_gmt":"2024-11-27T11:08:45","guid":{"rendered":"https:\/\/infogandia.es\/?p=5137"},"modified":"2024-11-27T11:08:45","modified_gmt":"2024-11-27T11:08:45","slug":"el-grau-de-gandia-celebra-las-festes-de-sant-nicolau-con-actividades-para-todos-los-publicos","status":"publish","type":"post","link":"https:\/\/infogandia.es\/index.php\/2024\/11\/27\/el-grau-de-gandia-celebra-las-festes-de-sant-nicolau-con-actividades-para-todos-los-publicos\/","title":{"rendered":"El Grau de Gandia celebra las Festes de Sant Nicolau con actividades para todos los p\u00fablicos"},"content":{"rendered":"\n<p>Del 29 de noviembre al 6 de diciembre, el Grau de Gandia se viste de gala para celebrar las tradicionales <em>Festes de Sant Nicolau<\/em>. Durante una semana repleta de actividades, la comunidad podr\u00e1 disfrutar de una programaci\u00f3n renovada que combina tradici\u00f3n, convivencia y diversi\u00f3n para todas las edades.<\/p>\n\n\n\n<p>El programa fue presentado por Miguel \u00c1ngel Picornell, presidente de la Junta de Distrito del Grau; Laura Garc\u00eda, presidenta de la <em>Confraria de Sant Nicolau<\/em>; Sandra Mi\u00f1ana, Padrina de las fiestas; y Adri\u00e1n Parra, Clavariet de esta edici\u00f3n.<\/p>\n\n\n\n<p>Picornell destac\u00f3 que estas festividades son &#8220;un reflejo de la identidad del Grau&#8221;, resaltando las innovaciones impulsadas por la nueva directiva de la <em>Confraria<\/em>. Por su parte, Laura Garc\u00eda subray\u00f3 que el objetivo principal es \u201cacercar las fiestas al pueblo y fomentar la participaci\u00f3n\u201d. Entre las novedades, el <em>D\u00eda del Clavariet<\/em> se celebrar\u00e1 el s\u00e1bado por la tarde en lugar del domingo, y la imagen de Sant Nicolau realizar\u00e1 su tradicional llegada anual a la parroquia de Sant Nicolau, en lugar de cada cuatro a\u00f1os como era habitual.<\/p>\n\n\n\n<p>La Padrina, Sandra Mi\u00f1ana, expres\u00f3 su emoci\u00f3n por participar en las fiestas, mientras que el Clavariet, Adri\u00e1n Parra, anim\u00f3 especialmente a los ni\u00f1os del Grau a unirse a las actividades.<\/p>\n\n\n\n<p>Picornell agradeci\u00f3 la colaboraci\u00f3n de la <em>Confraria<\/em> y la parroquia de Sant Nicolau, e invit\u00f3 a todos los vecinos y vecinas a disfrutar de esta semana de tradici\u00f3n y convivencia.<\/p>\n\n\n\n<ul class=\"wp-block-list\">\n<li><strong>Viernes, 29 de noviembre:<\/strong> <em>Albades<\/em> a las 21:00 h.<\/li>\n\n\n\n<li><strong>S\u00e1bado, 30 de noviembre:<\/strong> Paellas populares (12:00 h), juegos infantiles (16:30 h), y misa del Clavariet (19:00 h).<\/li>\n\n\n\n<li><strong>Domingo, 1 de diciembre:<\/strong> Misa de bendici\u00f3n del pan (10:00 h) y preg\u00f3n (11:00 h).<\/li>\n\n\n\n<li><strong>Lunes a mi\u00e9rcoles (2-4 de diciembre):<\/strong> Caminatas a Sant Nicolau (18:00 h).<\/li>\n\n\n\n<li><strong>Jueves, 5 de diciembre:<\/strong> Concierto en la iglesia (20:00 h) y cena popular (21:30 h).<\/li>\n\n\n\n<li><strong>Viernes, 6 de diciembre:<\/strong> <em>Despert\u00e0<\/em> (8:00 h), misa mayor (12:00 h), y procesi\u00f3n (18:00 h).<\/li>\n\n\n\n<li><\/li>\n<\/ul>\n\n\n\n<p>Las entradas para actividades de pago pueden adquirirse en la puerta de la iglesia durante las caminatas o reserv\u00e1ndose previamente a los n\u00fameros <strong>676 97 61 93 (Lol\u00edn)<\/strong> o <strong>636 70 32 43 (Rosabel)<\/strong>.<\/p>\n\n\n\n<h3 class=\"wp-block-heading\"><strong>Organizan:<\/strong><\/h3>\n\n\n\n<ul class=\"wp-block-list\">\n<li><em>Confraria de Sant Nicolau<\/em><\/li>\n\n\n\n<li>Parroquia de Sant Nicolau<\/li>\n\n\n\n<li>Ayuntamiento de Gandia<\/li>\n<\/ul>\n\n\n\n<p>Esta festividad promete ser un momento especial para residentes y visitantes, resaltando la rica tradici\u00f3n cultural del Grau de Gandia.<\/p>\n","protected":false},"excerpt":{"rendered":"<p>Del 29 de noviembre al 6 de diciembre, el Grau de Gandia se viste de gala para celebrar las tradicionales Festes de Sant Nicolau. Durante una semana repleta de actividades, la comunidad podr\u00e1 disfrutar de una programaci\u00f3n renovada que combina tradici\u00f3n, convivencia y diversi\u00f3n para todas las edades. El programa fue presentado por Miguel \u00c1ngel&#8230;<\/p>\n","protected":false},"author":1,"featured_media":5135,"comment_status":"open","ping_status":"open","sticky":false,"template":"","format":"standard","meta":{"footnotes":""},"categories":[1,27,57],"tags":[],"class_list":["post-5137","post","type-post","status-publish","format-standard","has-post-thumbnail","hentry","category-actualidad","category-sociedad","category-turismo"],"_links":{"self":[{"href":"https:\/\/infogandia.es\/index.php\/wp-json\/wp\/v2\/posts\/5137","targetHints":{"allow":["GET"]}}],"collection":[{"href":"https:\/\/infogandia.es\/index.php\/wp-json\/wp\/v2\/posts"}],"about":[{"href":"https:\/\/infogandia.es\/index.php\/wp-json\/wp\/v2\/types\/post"}],"author":[{"embeddable":true,"href":"https:\/\/infogandia.es\/index.php\/wp-json\/wp\/v2\/users\/1"}],"replies":[{"embeddable":true,"href":"https:\/\/infogandia.es\/index.php\/wp-json\/wp\/v2\/comments?post=5137"}],"version-history":[{"count":1,"href":"https:\/\/infogandia.es\/index.php\/wp-json\/wp\/v2\/posts\/5137\/revisions"}],"predecessor-version":[{"id":5138,"href":"https:\/\/infogandia.es\/index.php\/wp-json\/wp\/v2\/posts\/5137\/revisions\/5138"}],"wp:featuredmedia":[{"embeddable":true,"href":"https:\/\/infogandia.es\/index.php\/wp-json\/wp\/v2\/media\/5135"}],"wp:attachment":[{"href":"https:\/\/infogandia.es\/index.php\/wp-json\/wp\/v2\/media?parent=5137"}],"wp:term":[{"taxonomy":"category","embeddable":true,"href":"https:\/\/infogandia.es\/index.php\/wp-json\/wp\/v2\/categories?post=5137"},{"taxonomy":"post_tag","embeddable":true,"href":"https:\/\/infogandia.es\/index.php\/wp-json\/wp\/v2\/tags?post=5137"}],"curies":[{"name":"wp","href":"https:\/\/api.w.org\/{rel}","templated":true}]}}