{"id":5139,"date":"2024-11-30T14:56:36","date_gmt":"2024-11-30T14:56:36","guid":{"rendered":"https:\/\/infogandia.es\/?p=5139"},"modified":"2024-11-30T15:09:20","modified_gmt":"2024-11-30T15:09:20","slug":"exitosa-celebracion-de-la-vi-gran-gala-de-premios-solidarios-de-info-comarcal-media","status":"publish","type":"post","link":"https:\/\/infogandia.es\/index.php\/2024\/11\/30\/exitosa-celebracion-de-la-vi-gran-gala-de-premios-solidarios-de-info-comarcal-media\/","title":{"rendered":"EXITOSA CELEBRACI\u00d3N DE LA VI GRAN GALA DE PREMIOS SOLIDARIOS DE INFO COMARCAL MEDIA"},"content":{"rendered":"\n<p>Gandia acogi\u00f3 anoche la VI Gran Gala de Premios Solidarios organizada por INFO COMARCAL MEDIA, un evento que reuni\u00f3 a autoridades, asociaciones y vecinos de toda la comarca, destacando el compromiso y la solidaridad que caracterizan a la regi\u00f3n. La gala, retransmitida por Comarcal Televisi\u00f3n, celebr\u00f3 el esfuerzo de asociaciones, voluntarios y entidades que trabajan incansablemente en favor de los m\u00e1s vulnerables.<\/p>\n\n\n\n<figure class=\"wp-block-gallery has-nested-images columns-default is-cropped wp-block-gallery-1 is-layout-flex wp-block-gallery-is-layout-flex\">\n<figure class=\"wp-block-image size-large\"><img fetchpriority=\"high\" decoding=\"async\" width=\"1024\" height=\"683\" data-id=\"5144\" src=\"https:\/\/infogandia.es\/wp-content\/uploads\/2024\/11\/6_GALA-SOLIDARIA-INFOCOMARCAL2024_PHOTOCALL-1-1024x683.jpg\" alt=\"\" class=\"wp-image-5144\" srcset=\"https:\/\/infogandia.es\/wp-content\/uploads\/2024\/11\/6_GALA-SOLIDARIA-INFOCOMARCAL2024_PHOTOCALL-1-1024x683.jpg 1024w, https:\/\/infogandia.es\/wp-content\/uploads\/2024\/11\/6_GALA-SOLIDARIA-INFOCOMARCAL2024_PHOTOCALL-1-300x200.jpg 300w, https:\/\/infogandia.es\/wp-content\/uploads\/2024\/11\/6_GALA-SOLIDARIA-INFOCOMARCAL2024_PHOTOCALL-1-768x512.jpg 768w, https:\/\/infogandia.es\/wp-content\/uploads\/2024\/11\/6_GALA-SOLIDARIA-INFOCOMARCAL2024_PHOTOCALL-1-1536x1024.jpg 1536w, https:\/\/infogandia.es\/wp-content\/uploads\/2024\/11\/6_GALA-SOLIDARIA-INFOCOMARCAL2024_PHOTOCALL-1-2048x1365.jpg 2048w, https:\/\/infogandia.es\/wp-content\/uploads\/2024\/11\/6_GALA-SOLIDARIA-INFOCOMARCAL2024_PHOTOCALL-1-600x400.jpg 600w\" sizes=\"(max-width: 1024px) 100vw, 1024px\" \/><\/figure>\n\n\n\n<figure class=\"wp-block-image size-large\"><img decoding=\"async\" width=\"1024\" height=\"683\" data-id=\"5145\" src=\"https:\/\/infogandia.es\/wp-content\/uploads\/2024\/11\/6_GALA-SOLIDARIA-INFOCOMARCAL2024_PHOTOCALL-10-1024x683.jpg\" alt=\"\" class=\"wp-image-5145\" srcset=\"https:\/\/infogandia.es\/wp-content\/uploads\/2024\/11\/6_GALA-SOLIDARIA-INFOCOMARCAL2024_PHOTOCALL-10-1024x683.jpg 1024w, https:\/\/infogandia.es\/wp-content\/uploads\/2024\/11\/6_GALA-SOLIDARIA-INFOCOMARCAL2024_PHOTOCALL-10-300x200.jpg 300w, https:\/\/infogandia.es\/wp-content\/uploads\/2024\/11\/6_GALA-SOLIDARIA-INFOCOMARCAL2024_PHOTOCALL-10-768x512.jpg 768w, https:\/\/infogandia.es\/wp-content\/uploads\/2024\/11\/6_GALA-SOLIDARIA-INFOCOMARCAL2024_PHOTOCALL-10-1536x1024.jpg 1536w, https:\/\/infogandia.es\/wp-content\/uploads\/2024\/11\/6_GALA-SOLIDARIA-INFOCOMARCAL2024_PHOTOCALL-10-2048x1365.jpg 2048w, https:\/\/infogandia.es\/wp-content\/uploads\/2024\/11\/6_GALA-SOLIDARIA-INFOCOMARCAL2024_PHOTOCALL-10-600x400.jpg 600w\" sizes=\"(max-width: 1024px) 100vw, 1024px\" \/><\/figure>\n\n\n\n<figure class=\"wp-block-image size-large\"><img decoding=\"async\" width=\"1024\" height=\"683\" data-id=\"5146\" src=\"https:\/\/infogandia.es\/wp-content\/uploads\/2024\/11\/6_GALA-SOLIDARIA-INFOCOMARCAL2024_PHOTOCALL-97-1024x683.jpg\" alt=\"\" class=\"wp-image-5146\" srcset=\"https:\/\/infogandia.es\/wp-content\/uploads\/2024\/11\/6_GALA-SOLIDARIA-INFOCOMARCAL2024_PHOTOCALL-97-1024x683.jpg 1024w, https:\/\/infogandia.es\/wp-content\/uploads\/2024\/11\/6_GALA-SOLIDARIA-INFOCOMARCAL2024_PHOTOCALL-97-300x200.jpg 300w, https:\/\/infogandia.es\/wp-content\/uploads\/2024\/11\/6_GALA-SOLIDARIA-INFOCOMARCAL2024_PHOTOCALL-97-768x512.jpg 768w, https:\/\/infogandia.es\/wp-content\/uploads\/2024\/11\/6_GALA-SOLIDARIA-INFOCOMARCAL2024_PHOTOCALL-97-1536x1024.jpg 1536w, https:\/\/infogandia.es\/wp-content\/uploads\/2024\/11\/6_GALA-SOLIDARIA-INFOCOMARCAL2024_PHOTOCALL-97-2048x1365.jpg 2048w, https:\/\/infogandia.es\/wp-content\/uploads\/2024\/11\/6_GALA-SOLIDARIA-INFOCOMARCAL2024_PHOTOCALL-97-600x400.jpg 600w\" sizes=\"(max-width: 1024px) 100vw, 1024px\" \/><\/figure>\n<\/figure>\n\n\n\n<p>La velada inici\u00f3 con un emotivo reconocimiento a la respuesta solidaria ante la DANA, destacando c\u00f3mo vecinos y entidades se unieron para enfrentar los devastadores efectos de las inundaciones. Este esp\u00edritu de apoyo mutuo fue el eje central de los homenajes de la noche.<\/p>\n\n\n\n<figure class=\"wp-block-embed is-type-video is-provider-youtube wp-block-embed-youtube wp-embed-aspect-16-9 wp-has-aspect-ratio\"><div class=\"wp-block-embed__wrapper\">\n<iframe title=\"6\u00aa GRAN GALA DE PREMIOS SOLIDARIOS (29-11-2024)\" width=\"640\" height=\"360\" src=\"https:\/\/www.youtube.com\/embed\/DH5pFAr2Zc8?feature=oembed\" frameborder=\"0\" allow=\"accelerometer; autoplay; clipboard-write; encrypted-media; gyroscope; picture-in-picture; web-share\" referrerpolicy=\"strict-origin-when-cross-origin\" allowfullscreen><\/iframe>\n<\/div><\/figure>\n\n\n\n<p>Entre los premiados, destacan la Asociaci\u00f3n Ucraniana de La Safor, ASAEM con su proyecto de Bibliotecas Humanas, C\u00e1ritas Interparroquial de Gandia, y Gaudim, cuyos galardones fueron recibidos por destacadas personalidades y representantes de diversas entidades.<\/p>\n\n\n\n<p>El evento tambi\u00e9n incluy\u00f3 actuaciones especiales como el coro infantil ucraniano &#8220;Peque\u00f1as Estrellas&#8221;, Kristina Aleisenko y con la actuaci\u00f3n del grupo de pop rock &#8220;La Nada&#8221;.<\/p>\n\n\n\n<figure class=\"wp-block-gallery has-nested-images columns-default is-cropped wp-block-gallery-2 is-layout-flex wp-block-gallery-is-layout-flex\">\n<figure class=\"wp-block-image size-large\"><img loading=\"lazy\" decoding=\"async\" width=\"1024\" height=\"683\" data-id=\"5148\" src=\"https:\/\/infogandia.es\/wp-content\/uploads\/2024\/11\/6_GALA-SOLIDARIA-INFOCOMARCAL2024_PREMIADOS-19-1024x683.jpg\" alt=\"\" class=\"wp-image-5148\" srcset=\"https:\/\/infogandia.es\/wp-content\/uploads\/2024\/11\/6_GALA-SOLIDARIA-INFOCOMARCAL2024_PREMIADOS-19-1024x683.jpg 1024w, https:\/\/infogandia.es\/wp-content\/uploads\/2024\/11\/6_GALA-SOLIDARIA-INFOCOMARCAL2024_PREMIADOS-19-300x200.jpg 300w, https:\/\/infogandia.es\/wp-content\/uploads\/2024\/11\/6_GALA-SOLIDARIA-INFOCOMARCAL2024_PREMIADOS-19-768x512.jpg 768w, https:\/\/infogandia.es\/wp-content\/uploads\/2024\/11\/6_GALA-SOLIDARIA-INFOCOMARCAL2024_PREMIADOS-19-1536x1024.jpg 1536w, https:\/\/infogandia.es\/wp-content\/uploads\/2024\/11\/6_GALA-SOLIDARIA-INFOCOMARCAL2024_PREMIADOS-19-2048x1365.jpg 2048w, https:\/\/infogandia.es\/wp-content\/uploads\/2024\/11\/6_GALA-SOLIDARIA-INFOCOMARCAL2024_PREMIADOS-19-600x400.jpg 600w\" sizes=\"(max-width: 1024px) 100vw, 1024px\" \/><\/figure>\n\n\n\n<figure class=\"wp-block-image size-large\"><img loading=\"lazy\" decoding=\"async\" width=\"1024\" height=\"683\" data-id=\"5149\" src=\"https:\/\/infogandia.es\/wp-content\/uploads\/2024\/11\/6_GALA-SOLIDARIA-INFOCOMARCAL2024_PREMIADOS-182-1024x683.jpg\" alt=\"\" class=\"wp-image-5149\" srcset=\"https:\/\/infogandia.es\/wp-content\/uploads\/2024\/11\/6_GALA-SOLIDARIA-INFOCOMARCAL2024_PREMIADOS-182-1024x683.jpg 1024w, https:\/\/infogandia.es\/wp-content\/uploads\/2024\/11\/6_GALA-SOLIDARIA-INFOCOMARCAL2024_PREMIADOS-182-300x200.jpg 300w, https:\/\/infogandia.es\/wp-content\/uploads\/2024\/11\/6_GALA-SOLIDARIA-INFOCOMARCAL2024_PREMIADOS-182-768x512.jpg 768w, https:\/\/infogandia.es\/wp-content\/uploads\/2024\/11\/6_GALA-SOLIDARIA-INFOCOMARCAL2024_PREMIADOS-182-1536x1024.jpg 1536w, https:\/\/infogandia.es\/wp-content\/uploads\/2024\/11\/6_GALA-SOLIDARIA-INFOCOMARCAL2024_PREMIADOS-182-2048x1365.jpg 2048w, https:\/\/infogandia.es\/wp-content\/uploads\/2024\/11\/6_GALA-SOLIDARIA-INFOCOMARCAL2024_PREMIADOS-182-600x400.jpg 600w\" sizes=\"(max-width: 1024px) 100vw, 1024px\" \/><\/figure>\n\n\n\n<figure class=\"wp-block-image size-large\"><img loading=\"lazy\" decoding=\"async\" width=\"1024\" height=\"683\" data-id=\"5147\" src=\"https:\/\/infogandia.es\/wp-content\/uploads\/2024\/11\/6_GALA-SOLIDARIA-INFOCOMARCAL2024_PREMIADOS-270-1024x683.jpg\" alt=\"\" class=\"wp-image-5147\" srcset=\"https:\/\/infogandia.es\/wp-content\/uploads\/2024\/11\/6_GALA-SOLIDARIA-INFOCOMARCAL2024_PREMIADOS-270-1024x683.jpg 1024w, https:\/\/infogandia.es\/wp-content\/uploads\/2024\/11\/6_GALA-SOLIDARIA-INFOCOMARCAL2024_PREMIADOS-270-300x200.jpg 300w, https:\/\/infogandia.es\/wp-content\/uploads\/2024\/11\/6_GALA-SOLIDARIA-INFOCOMARCAL2024_PREMIADOS-270-768x512.jpg 768w, https:\/\/infogandia.es\/wp-content\/uploads\/2024\/11\/6_GALA-SOLIDARIA-INFOCOMARCAL2024_PREMIADOS-270-1536x1024.jpg 1536w, https:\/\/infogandia.es\/wp-content\/uploads\/2024\/11\/6_GALA-SOLIDARIA-INFOCOMARCAL2024_PREMIADOS-270-2048x1365.jpg 2048w, https:\/\/infogandia.es\/wp-content\/uploads\/2024\/11\/6_GALA-SOLIDARIA-INFOCOMARCAL2024_PREMIADOS-270-600x400.jpg 600w\" sizes=\"(max-width: 1024px) 100vw, 1024px\" \/><\/figure>\n<\/figure>\n\n\n\n<p>Se entregaron premios a asociaciones, estos fueron los galardonados:<\/p>\n\n\n\n<h4 class=\"wp-block-heading\"><strong>1. Asociaci\u00f3n Ucraniana de La Safor<\/strong><\/h4>\n\n\n\n<ul class=\"wp-block-list\">\n<li><strong>Patrocinador:<\/strong> Jes\u00fas Ba\u00f1uls (Gerente de <em>Jesbal Habitatge)<\/em><\/li>\n\n\n\n<li><strong>Premiado:<\/strong> Maryna Parkhomenko<\/li>\n<\/ul>\n\n\n\n<h4 class=\"wp-block-heading\"><strong>2. ASAEM<\/strong><\/h4>\n\n\n\n<ul class=\"wp-block-list\">\n<li><strong>Patrocinador:<\/strong> Amada Mart\u00ednez Linuesa (Gerente de Minuesa Coaching)<\/li>\n\n\n\n<li><strong>Premiado:<\/strong> Ana Mi\u00f1ana (por el proyecto Bibliotecas Humanas)<\/li>\n<\/ul>\n\n\n\n<h4 class=\"wp-block-heading\"><strong>3. C\u00e1ritas Interparroquial Gand\u00eda<\/strong><\/h4>\n\n\n\n<ul class=\"wp-block-list\">\n<li><strong>Patrocinador:<\/strong> Ariadna Llodr\u00e1 (Gerente de Soluciones Inmobiliarias)<\/li>\n\n\n\n<li><strong>Premiado:<\/strong> Mar\u00eda Jos\u00e9 Peir\u00f3 Ivars<\/li>\n<\/ul>\n\n\n\n<h4 class=\"wp-block-heading\"><strong>4. Gaudim<\/strong><\/h4>\n\n\n\n<ul class=\"wp-block-list\">\n<li><strong>Patrocinador:<\/strong> Esteban Frechina (en nombre de Bayodental)<\/li>\n\n\n\n<li><strong>Premiado:<\/strong> Ortopedia Par\u00eds (Recogido por Vicente y Carlos Torres Par\u00eds)<\/li>\n<\/ul>\n\n\n\n<h4 class=\"wp-block-heading\"><strong>5. Strong People<\/strong><\/h4>\n\n\n\n<ul class=\"wp-block-list\">\n<li><strong>Patrocinador:<\/strong> Paco Sanz (Consejero Delegado del Grupo INFO COMARCAL MEDIA, en representaci\u00f3n de IMED Hospitales)<\/li>\n\n\n\n<li><strong>Premiados:<\/strong> Grupo \u201cSin comentarios\u201d (Santi Tudela, Miguel Catal\u00e1n y Kike Benavent)<\/li>\n<\/ul>\n\n\n\n<h4 class=\"wp-block-heading\"><strong>6. MIRA&#8217;M<\/strong><\/h4>\n\n\n\n<ul class=\"wp-block-list\">\n<li><strong>Patrocinador:<\/strong> Alex Barber (Gerente de CREA Gr\u00e0fics)<\/li>\n\n\n\n<li><strong>Premiado:<\/strong> Jes\u00fas Manch\u00ed Loren<\/li>\n<\/ul>\n\n\n\n<h4 class=\"wp-block-heading\"><strong>7. Centre d\u2019Acollida San Francesc d\u2019Ass\u00eds<\/strong><\/h4>\n\n\n\n<ul class=\"wp-block-list\">\n<li><strong>Patrocinador:<\/strong> Jos\u00e9 Boigues (Gerente de Atentia)<\/li>\n\n\n\n<li><strong>Premiados:<\/strong> Mari Carmen Esteve y Pascual Ventura<\/li>\n<\/ul>\n\n\n\n<h4 class=\"wp-block-heading\"><strong>8. Associaci\u00f3 Adri\u00e0 Orchill\u00e9s<\/strong><\/h4>\n\n\n\n<ul class=\"wp-block-list\">\n<li><strong>Patrocinador:<\/strong> Gerard Faus (en nombre de Chef Amadeo)<\/li>\n\n\n\n<li><strong>Premiada:<\/strong> Aida Perell\u00f3 Ram\u00edrez<\/li>\n<\/ul>\n\n\n\n<h4 class=\"wp-block-heading\"><strong>9. AECC Gandia<\/strong><\/h4>\n\n\n\n<ul class=\"wp-block-list\">\n<li><strong>Patrocinador:<\/strong> Jos\u00e9 Vicente Castell (Director de Responsabilidad Social Corporativa de Vicky Foods)<\/li>\n\n\n\n<li><strong>Premiado:<\/strong> Club de Remo C\u00eda Gandia (Recogido por Nani Vela y Marta Muelas)<\/li>\n<\/ul>\n\n\n\n<h4 class=\"wp-block-heading\"><strong>10. AUNA Inclusi\u00f3<\/strong> (a t\u00edtulo p\u00f3stumo)<\/h4>\n\n\n\n<ul class=\"wp-block-list\">\n<li><strong>Patrocinador:<\/strong> Javier Nogueroles (Manager de Safor Conecta)<\/li>\n\n\n\n<li><strong>Premiado:<\/strong> Pepe Moratal Soto (Recogido por sus nietos)<\/li>\n<\/ul>\n\n\n\n<h4 class=\"wp-block-heading\"><strong>11. Cruz Roja Gandia<\/strong><\/h4>\n\n\n\n<ul class=\"wp-block-list\">\n<li><strong>Patrocinador:<\/strong> Antoni Mart\u00ednez (Gerente de AMH Sistemas | Servicios para la oficina de farmacia )<\/li>\n\n\n\n<li><strong>Premiado:<\/strong> Miguel Costa Gal\u00e1n<\/li>\n<\/ul>\n\n\n\n<h4 class=\"wp-block-heading\"><strong>12. Fundaci\u00f3n Espurna<\/strong><\/h4>\n\n\n\n<ul class=\"wp-block-list\">\n<li><strong>Patrocinador:<\/strong> Mar\u00eda Dolores Soliva (Gerente de Konfort Sue\u00f1os)<\/li>\n\n\n\n<li><strong>Premiada:<\/strong> Ana Solera Vitoria<\/li>\n<\/ul>\n\n\n\n<h4 class=\"wp-block-heading\"><strong>13. Premio Artista Solidari<\/strong><\/h4>\n\n\n\n<ul class=\"wp-block-list\">\n<li><strong>Patrocinador:<\/strong> Carlos Dom\u00ednguez (Fundaci\u00f3n Auni\u00f3n)<\/li>\n\n\n\n<li><strong>Premiada:<\/strong> Cristina Aleisenko<\/li>\n<\/ul>\n\n\n\n<h4 class=\"wp-block-heading\"><strong>14. Preventori Infantil Nostra Senyora de l\u2019Empar<\/strong><\/h4>\n\n\n\n<ul class=\"wp-block-list\">\n<li><strong>Patrocinador:<\/strong> Javier Lloret (Gerente de Kuko Disseny)<\/li>\n\n\n\n<li><strong>Premiado:<\/strong> Grupo de Voluntariado \u201cCuina del Preventori\u201d<\/li>\n<\/ul>\n\n\n\n<h4 class=\"wp-block-heading\"><strong>15. Associaci\u00f3 Rosa dels Vents<\/strong><\/h4>\n\n\n\n<ul class=\"wp-block-list\">\n<li><strong>Patrocinador:<\/strong> Blay Morant (Gerente de Azulben)<\/li>\n\n\n\n<li><strong>Premiada:<\/strong> B\u00e1rbara Ortiz Prieto (Recogido por su hijo, Pau N\u00e1jera Ortiz)<\/li>\n<\/ul>\n\n\n\n<h4 class=\"wp-block-heading\"><strong>16. Astea Safor<\/strong><\/h4>\n\n\n\n<ul class=\"wp-block-list\">\n<li><strong>Patrocinador:<\/strong> David Ba\u00f1uls (en nombre de Neum\u00e1ticos Gandia)<\/li>\n\n\n\n<li><strong>Premiada:<\/strong> Montse Ortiz (del Club d\u2019Atletisme Teika Safor Gandia)<\/li>\n<\/ul>\n\n\n\n<h4 class=\"wp-block-heading\"><strong>17. Alma de Acero<\/strong><\/h4>\n\n\n\n<ul class=\"wp-block-list\">\n<li><strong>Patrocinador:<\/strong> V\u00edctor Moll (Gerente de Moll Motors)<\/li>\n\n\n\n<li><strong>Premiado:<\/strong> Francisco Mart\u00ed S\u00e1nchez (\u201cEl Papero\u201d)<\/li>\n<\/ul>\n\n\n\n<h4 class=\"wp-block-heading\"><strong>18. Bu\u00f1uelos Sin Fronteras<\/strong><\/h4>\n\n\n\n<ul class=\"wp-block-list\">\n<li><strong>Patrocinador:<\/strong> Emi Climent (Gerente de Deskaro)<\/li>\n\n\n\n<li><strong>Premiado:<\/strong> Juan Jos\u00e9 Climent N\u00e1cher<\/li>\n<\/ul>\n\n\n\n<h4 class=\"wp-block-heading\"><strong>19. Parkinson Gandia Safor<\/strong><\/h4>\n\n\n\n<ul class=\"wp-block-list\">\n<li><strong>Patrocinador:<\/strong> Daria Stukanova (Gerente de Neurococos)<\/li>\n\n\n\n<li><strong>Premiados:<\/strong> Carmen Alabort, Bel\u00e9n Ferrer y Luiji Cheng Xu<\/li>\n<\/ul>\n\n\n\n<h4 class=\"wp-block-heading\"><strong>20. Next2You <\/strong><\/h4>\n\n\n\n<ul class=\"wp-block-list\">\n<li><strong>Patrocinador:<\/strong> Silvia Riera (en representaci\u00f3n de Farmacia del Paseo 24H)<\/li>\n\n\n\n<li><strong>Premiadas:<\/strong> Luc\u00eda Yag\u00fce y Yolanda Garc\u00eda<\/li>\n<\/ul>\n\n\n\n<h4 class=\"wp-block-heading\"><strong>21. Premio Especial del Jurado<\/strong><\/h4>\n\n\n\n<ul class=\"wp-block-list\">\n<li><strong>Patrocinador:<\/strong> Comarcal TV<\/li>\n\n\n\n<li><strong>Premiado:<\/strong> Consorcio Provincial de Bomberos de Valencia (Recogido por Jos\u00e9 Andr\u00e9s Gregori, suboficial jefe del Parque de Bomberos de Gandia)<\/li>\n<\/ul>\n\n\n\n<p>La gala concluy\u00f3 con un mensaje director del Grupo INFO COMARCAL MEDIA, Paco Sanz, quien destac\u00f3 la importancia de la solidaridad en los tiempos actuales y reafirm\u00f3 el compromiso de seguir apoyando estas iniciativas.<\/p>\n\n\n\n<p>La noche cerr\u00f3 con la actuaci\u00f3n del mentalista YAO, finalista de Got Talent, consolidando el evento como un homenaje lleno de emociones, m\u00fasica y reconocimiento a quienes dedican sus esfuerzos a construir una sociedad m\u00e1s justa y solidaria.<\/p>\n\n\n\n<p><strong><em>IMAGENES DEL PHOTOCALL<\/em><\/strong><\/p>\n\n\n\n<p>\u2b07\ufe0f\u200b\u2b07\ufe0f\u200b\u2b07\ufe0f\u200b\u2b07\ufe0f\u200b\u2b07\ufe0f\u200b\u2b07\ufe0f\u200b\u2b07\ufe0f\u200b\u2b07\ufe0f\u200b\u2b07\ufe0f\u200b\u2b07\ufe0f\u200b\u2b07\ufe0f\u200b\u2b07\ufe0f\u200b\u2b07\ufe0f\u200b\u2b07\ufe0f\u200b\u2b07\ufe0f\u200b\u2b07\ufe0f\u200b\u2b07\ufe0f\u200b\u2b07\ufe0f\u200b\u2b07\ufe0f\u200b\u2b07\ufe0f\u200b\u2b07\ufe0f<\/p>\n\n\n\n<hr class=\"wp-block-separator has-alpha-channel-opacity\"\/>\n\n\n\n<p><a href=\"https:\/\/photos.app.goo.gl\/jKvLfGuLRtDk6r9MA\">https:\/\/photos.app.goo.gl\/jKvLfGuLRtDk6r9MA<\/a><\/p>\n\n\n\n<hr class=\"wp-block-separator has-alpha-channel-opacity\"\/>\n\n\n\n<p>\u2b06\ufe0f\u200b\u2b06\ufe0f\u200b\u2b06\ufe0f\u200b\u2b06\ufe0f\u200b\u2b06\ufe0f\u2b06\ufe0f\u200b\u2b06\ufe0f\u200b\u2b06\ufe0f\u200b\u2b06\ufe0f\u200b\u2b06\ufe0f\u2b06\ufe0f\u200b\u2b06\ufe0f\u200b\u2b06\ufe0f\u200b\u2b06\ufe0f\u200b\u2b06\ufe0f\u2b06\ufe0f\u200b\u2b06\ufe0f\u200b\u2b06\ufe0f\u200b\u2b06\ufe0f\u200b\u2b06\ufe0f<\/p>\n\n\n\n<figure class=\"wp-block-gallery has-nested-images columns-default is-cropped wp-block-gallery-3 is-layout-flex wp-block-gallery-is-layout-flex\">\n<figure class=\"wp-block-image size-large\"><img loading=\"lazy\" decoding=\"async\" width=\"1024\" height=\"683\" data-id=\"5141\" src=\"https:\/\/infogandia.es\/wp-content\/uploads\/2024\/11\/6_GALA-SOLIDARIA-INFOCOMARCAL2024_PREMIADOS-235-1024x683.jpg\" alt=\"\" class=\"wp-image-5141\" srcset=\"https:\/\/infogandia.es\/wp-content\/uploads\/2024\/11\/6_GALA-SOLIDARIA-INFOCOMARCAL2024_PREMIADOS-235-1024x683.jpg 1024w, https:\/\/infogandia.es\/wp-content\/uploads\/2024\/11\/6_GALA-SOLIDARIA-INFOCOMARCAL2024_PREMIADOS-235-300x200.jpg 300w, https:\/\/infogandia.es\/wp-content\/uploads\/2024\/11\/6_GALA-SOLIDARIA-INFOCOMARCAL2024_PREMIADOS-235-768x512.jpg 768w, https:\/\/infogandia.es\/wp-content\/uploads\/2024\/11\/6_GALA-SOLIDARIA-INFOCOMARCAL2024_PREMIADOS-235-1536x1024.jpg 1536w, https:\/\/infogandia.es\/wp-content\/uploads\/2024\/11\/6_GALA-SOLIDARIA-INFOCOMARCAL2024_PREMIADOS-235-2048x1365.jpg 2048w, https:\/\/infogandia.es\/wp-content\/uploads\/2024\/11\/6_GALA-SOLIDARIA-INFOCOMARCAL2024_PREMIADOS-235-600x400.jpg 600w\" sizes=\"(max-width: 1024px) 100vw, 1024px\" \/><\/figure>\n\n\n\n<figure class=\"wp-block-image size-large\"><img loading=\"lazy\" decoding=\"async\" width=\"1024\" height=\"683\" data-id=\"5142\" src=\"https:\/\/infogandia.es\/wp-content\/uploads\/2024\/11\/6_GALA-SOLIDARIA-INFOCOMARCAL2024_PREMIADOS-233-1024x683.jpg\" alt=\"\" class=\"wp-image-5142\" srcset=\"https:\/\/infogandia.es\/wp-content\/uploads\/2024\/11\/6_GALA-SOLIDARIA-INFOCOMARCAL2024_PREMIADOS-233-1024x683.jpg 1024w, https:\/\/infogandia.es\/wp-content\/uploads\/2024\/11\/6_GALA-SOLIDARIA-INFOCOMARCAL2024_PREMIADOS-233-300x200.jpg 300w, https:\/\/infogandia.es\/wp-content\/uploads\/2024\/11\/6_GALA-SOLIDARIA-INFOCOMARCAL2024_PREMIADOS-233-768x512.jpg 768w, https:\/\/infogandia.es\/wp-content\/uploads\/2024\/11\/6_GALA-SOLIDARIA-INFOCOMARCAL2024_PREMIADOS-233-1536x1024.jpg 1536w, https:\/\/infogandia.es\/wp-content\/uploads\/2024\/11\/6_GALA-SOLIDARIA-INFOCOMARCAL2024_PREMIADOS-233-2048x1365.jpg 2048w, https:\/\/infogandia.es\/wp-content\/uploads\/2024\/11\/6_GALA-SOLIDARIA-INFOCOMARCAL2024_PREMIADOS-233-600x400.jpg 600w\" sizes=\"(max-width: 1024px) 100vw, 1024px\" \/><\/figure>\n\n\n\n<figure class=\"wp-block-image size-large\"><img loading=\"lazy\" decoding=\"async\" width=\"1024\" height=\"683\" data-id=\"5143\" src=\"https:\/\/infogandia.es\/wp-content\/uploads\/2024\/11\/6_GALA-SOLIDARIA-INFOCOMARCAL2024_PREMIADOS-240-1024x683.jpg\" alt=\"\" class=\"wp-image-5143\" srcset=\"https:\/\/infogandia.es\/wp-content\/uploads\/2024\/11\/6_GALA-SOLIDARIA-INFOCOMARCAL2024_PREMIADOS-240-1024x683.jpg 1024w, https:\/\/infogandia.es\/wp-content\/uploads\/2024\/11\/6_GALA-SOLIDARIA-INFOCOMARCAL2024_PREMIADOS-240-300x200.jpg 300w, https:\/\/infogandia.es\/wp-content\/uploads\/2024\/11\/6_GALA-SOLIDARIA-INFOCOMARCAL2024_PREMIADOS-240-768x512.jpg 768w, https:\/\/infogandia.es\/wp-content\/uploads\/2024\/11\/6_GALA-SOLIDARIA-INFOCOMARCAL2024_PREMIADOS-240-1536x1024.jpg 1536w, https:\/\/infogandia.es\/wp-content\/uploads\/2024\/11\/6_GALA-SOLIDARIA-INFOCOMARCAL2024_PREMIADOS-240-2048x1365.jpg 2048w, https:\/\/infogandia.es\/wp-content\/uploads\/2024\/11\/6_GALA-SOLIDARIA-INFOCOMARCAL2024_PREMIADOS-240-600x400.jpg 600w\" sizes=\"(max-width: 1024px) 100vw, 1024px\" \/><\/figure>\n<\/figure>\n","protected":false},"excerpt":{"rendered":"<p>Gandia acogi\u00f3 anoche la VI Gran Gala de Premios Solidarios organizada por INFO COMARCAL MEDIA, un evento que reuni\u00f3 a autoridades, asociaciones y vecinos de toda la comarca, destacando el compromiso y la solidaridad que caracterizan a la regi\u00f3n. La gala, retransmitida por Comarcal Televisi\u00f3n, celebr\u00f3 el esfuerzo de asociaciones, voluntarios y entidades que trabajan&#8230;<\/p>\n","protected":false},"author":1,"featured_media":5140,"comment_status":"open","ping_status":"open","sticky":false,"template":"","format":"standard","meta":{"footnotes":""},"categories":[1],"tags":[],"class_list":["post-5139","post","type-post","status-publish","format-standard","has-post-thumbnail","hentry","category-actualidad"],"_links":{"self":[{"href":"https:\/\/infogandia.es\/index.php\/wp-json\/wp\/v2\/posts\/5139","targetHints":{"allow":["GET"]}}],"collection":[{"href":"https:\/\/infogandia.es\/index.php\/wp-json\/wp\/v2\/posts"}],"about":[{"href":"https:\/\/infogandia.es\/index.php\/wp-json\/wp\/v2\/types\/post"}],"author":[{"embeddable":true,"href":"https:\/\/infogandia.es\/index.php\/wp-json\/wp\/v2\/users\/1"}],"replies":[{"embeddable":true,"href":"https:\/\/infogandia.es\/index.php\/wp-json\/wp\/v2\/comments?post=5139"}],"version-history":[{"count":13,"href":"https:\/\/infogandia.es\/index.php\/wp-json\/wp\/v2\/posts\/5139\/revisions"}],"predecessor-version":[{"id":5165,"href":"https:\/\/infogandia.es\/index.php\/wp-json\/wp\/v2\/posts\/5139\/revisions\/5165"}],"wp:featuredmedia":[{"embeddable":true,"href":"https:\/\/infogandia.es\/index.php\/wp-json\/wp\/v2\/media\/5140"}],"wp:attachment":[{"href":"https:\/\/infogandia.es\/index.php\/wp-json\/wp\/v2\/media?parent=5139"}],"wp:term":[{"taxonomy":"category","embeddable":true,"href":"https:\/\/infogandia.es\/index.php\/wp-json\/wp\/v2\/categories?post=5139"},{"taxonomy":"post_tag","embeddable":true,"href":"https:\/\/infogandia.es\/index.php\/wp-json\/wp\/v2\/tags?post=5139"}],"curies":[{"name":"wp","href":"https:\/\/api.w.org\/{rel}","templated":true}]}}