{"id":5166,"date":"2024-12-02T17:15:12","date_gmt":"2024-12-02T17:15:12","guid":{"rendered":"https:\/\/infogandia.es\/?p=5166"},"modified":"2024-12-02T17:15:12","modified_gmt":"2024-12-02T17:15:12","slug":"gandia-se-suma-al-dia-mundial-de-la-lucha-contra-el-sida-2","status":"publish","type":"post","link":"https:\/\/infogandia.es\/index.php\/2024\/12\/02\/gandia-se-suma-al-dia-mundial-de-la-lucha-contra-el-sida-2\/","title":{"rendered":"Gandia se suma al D\u00eda Mundial de la Lucha contra el SIDA"},"content":{"rendered":"\n<p>La plaza Mayor de Gandia ha sido escenario hoy de la lectura de un manifiesto con motivo del D\u00eda Mundial de la Lucha contra el SIDA, en un acto que ha contado con la presencia del alcalde, Jos\u00e9 Manuel Prieto, la concejala de Sanidad, Liduvina Gil, y otros representantes del gobierno municipal.<\/p>\n\n\n\n<p>El manifiesto de este a\u00f1o, bajo el lema <strong>\u201cSeguimos el camino de los derechos\u201d<\/strong>, fue le\u00eddo por miembros del Consell dels Joves y del colectivo CLGS, destacando que erradicar el VIH-SIDA es posible si se garantizan plenamente los derechos humanos.<\/p>\n\n\n\n<p>Desde 1988, esta jornada internacional subraya la necesidad de proteger estos derechos y fortalecer los sistemas de salud, aspectos esenciales para combatir una epidemia que afecta a 37 millones de personas en todo el mundo. Sin embargo, persisten barreras como la falta de acceso a diagn\u00f3sticos y tratamientos, agravadas por el estigma y la discriminaci\u00f3n, especialmente hacia la comunidad LGTBI+. En Gandia, la ausencia de un servicio an\u00f3nimo y confidencial para pruebas de VIH ejemplifica estas dificultades, lo que retrasa los diagn\u00f3sticos y pone en riesgo la salud p\u00fablica.<\/p>\n\n\n\n<p>El documento insta a la Uni\u00f3n Europea, y a los gobiernos nacionales y locales, a garantizar servicios accesibles y an\u00f3nimos, implementar pol\u00edticas contra la discriminaci\u00f3n y asegurar el suministro gratuito de preservativos y l\u00e1minas protectoras. Tambi\u00e9n subraya la importancia de reforzar campa\u00f1as de educaci\u00f3n sexual y sensibilizaci\u00f3n para prevenir el aumento de enfermedades de transmisi\u00f3n sexual.<\/p>\n\n\n\n<p>La lectura concluy\u00f3 con un llamamiento a garantizar los derechos de las personas que viven con el VIH, promoviendo un entorno libre de miedos y estigmas. Solo con un enfoque inclusivo, que valore la dignidad de cada persona, se podr\u00e1 lograr la erradicaci\u00f3n del VIH como amenaza para la salud p\u00fablica en 2030.<\/p>\n\n\n\n<p>Adem\u00e1s de este acto, se ha desplegado una pancarta en el balc\u00f3n del Ayuntamiento para conmemorar la fecha. El pr\u00f3ximo 5 de diciembre, a las 19:00 horas, se proyectar\u00e1 la pel\u00edcula <strong>\u2018Verano 1993\u2019<\/strong> en la sala B del Teatro Serrano, con entrada gratuita. Posteriormente, Natalia de Ancos dirigir\u00e1 un coloquio sobre la tem\u00e1tica.<\/p>\n","protected":false},"excerpt":{"rendered":"<p>La plaza Mayor de Gandia ha sido escenario hoy de la lectura de un manifiesto con motivo del D\u00eda Mundial de la Lucha contra el SIDA, en un acto que ha contado con la presencia del alcalde, Jos\u00e9 Manuel Prieto, la concejala de Sanidad, Liduvina Gil, y otros representantes del gobierno municipal. El manifiesto de&#8230;<\/p>\n","protected":false},"author":1,"featured_media":5167,"comment_status":"open","ping_status":"open","sticky":false,"template":"","format":"standard","meta":{"footnotes":""},"categories":[1,27],"tags":[],"class_list":["post-5166","post","type-post","status-publish","format-standard","has-post-thumbnail","hentry","category-actualidad","category-sociedad"],"_links":{"self":[{"href":"https:\/\/infogandia.es\/index.php\/wp-json\/wp\/v2\/posts\/5166","targetHints":{"allow":["GET"]}}],"collection":[{"href":"https:\/\/infogandia.es\/index.php\/wp-json\/wp\/v2\/posts"}],"about":[{"href":"https:\/\/infogandia.es\/index.php\/wp-json\/wp\/v2\/types\/post"}],"author":[{"embeddable":true,"href":"https:\/\/infogandia.es\/index.php\/wp-json\/wp\/v2\/users\/1"}],"replies":[{"embeddable":true,"href":"https:\/\/infogandia.es\/index.php\/wp-json\/wp\/v2\/comments?post=5166"}],"version-history":[{"count":1,"href":"https:\/\/infogandia.es\/index.php\/wp-json\/wp\/v2\/posts\/5166\/revisions"}],"predecessor-version":[{"id":5168,"href":"https:\/\/infogandia.es\/index.php\/wp-json\/wp\/v2\/posts\/5166\/revisions\/5168"}],"wp:featuredmedia":[{"embeddable":true,"href":"https:\/\/infogandia.es\/index.php\/wp-json\/wp\/v2\/media\/5167"}],"wp:attachment":[{"href":"https:\/\/infogandia.es\/index.php\/wp-json\/wp\/v2\/media?parent=5166"}],"wp:term":[{"taxonomy":"category","embeddable":true,"href":"https:\/\/infogandia.es\/index.php\/wp-json\/wp\/v2\/categories?post=5166"},{"taxonomy":"post_tag","embeddable":true,"href":"https:\/\/infogandia.es\/index.php\/wp-json\/wp\/v2\/tags?post=5166"}],"curies":[{"name":"wp","href":"https:\/\/api.w.org\/{rel}","templated":true}]}}