{"id":5172,"date":"2024-12-02T17:17:08","date_gmt":"2024-12-02T17:17:08","guid":{"rendered":"https:\/\/infogandia.es\/?p=5172"},"modified":"2024-12-02T17:17:08","modified_gmt":"2024-12-02T17:17:08","slug":"el-consorcio-de-las-comarcas-centrales-valencianas-busca-implicar-a-toda-la-sociedad","status":"publish","type":"post","link":"https:\/\/infogandia.es\/index.php\/2024\/12\/02\/el-consorcio-de-las-comarcas-centrales-valencianas-busca-implicar-a-toda-la-sociedad\/","title":{"rendered":"El Consorcio de las Comarcas Centrales Valencianas busca implicar a toda la sociedad"},"content":{"rendered":"\n<p>El alcalde de Gandia y presidente del Consorcio de las Comarcas Centrales Valencianas (CCV), Jos\u00e9 Manuel Prieto, ha liderado esta ma\u00f1ana una sesi\u00f3n extraordinaria de la comisi\u00f3n ejecutiva del organismo, celebrada en el Urbalab de Gandia. Durante el encuentro, se han abordado los avances en proyectos estrat\u00e9gicos como la red Eurovelo, la ejecuci\u00f3n de la CV-60 entre l\u2019Olleria y Terrateig, y el Tren de la Costa. Asimismo, se ha acordado solicitar reuniones con la Generalitat Valenciana y el Gobierno de Espa\u00f1a para impulsar estas infraestructuras clave.<\/p>\n\n\n\n<p>Para materializar esta visi\u00f3n, se ha aprobado la creaci\u00f3n de un <strong>Consejo Econ\u00f3mico y Social de las Comarcas Centrales Valencianas<\/strong>, en el que estar\u00e1n representados todos los sectores implicados en el desarrollo del territorio.<\/p>\n\n\n\n<p>Durante la sesi\u00f3n, tambi\u00e9n se analizaron la liquidaci\u00f3n presupuestaria de 2023, el presupuesto inicial de 2025 y las aportaciones previstas por los miembros del Consorcio. Adem\u00e1s, se resalt\u00f3 la importancia de avanzar en los proyectos de infraestructuras, esenciales para mejorar las conexiones y fomentar el crecimiento econ\u00f3mico de la regi\u00f3n.<\/p>\n\n\n\n<p>El Consorcio de las Comarcas Centrales Valencianas abarca un 10% de la poblaci\u00f3n de la Comunitat Valenciana y act\u00faa como un puente entre las \u00e1reas metropolitanas de Val\u00e8ncia y Alicante-Elx. Presidido por Jos\u00e9 Manuel Prieto, cuenta con una comisi\u00f3n ejecutiva integrada por representantes de los ayuntamientos de Alcoi, X\u00e0tiva, D\u00e9nia, Gandia, Tavernes de la Valldigna y Cocentaina, entre otros, as\u00ed como por las Mancomunidades de l\u2019Alcoi\u00e0-El Comtat, la Vall d\u2019Albaida, la Canal de Navarr\u00e9s, la Costera y la Safor.<\/p>\n","protected":false},"excerpt":{"rendered":"<p>El alcalde de Gandia y presidente del Consorcio de las Comarcas Centrales Valencianas (CCV), Jos\u00e9 Manuel Prieto, ha liderado esta ma\u00f1ana una sesi\u00f3n extraordinaria de la comisi\u00f3n ejecutiva del organismo, celebrada en el Urbalab de Gandia. Durante el encuentro, se han abordado los avances en proyectos estrat\u00e9gicos como la red Eurovelo, la ejecuci\u00f3n de la&#8230;<\/p>\n","protected":false},"author":1,"featured_media":5173,"comment_status":"open","ping_status":"open","sticky":false,"template":"","format":"standard","meta":{"footnotes":""},"categories":[1],"tags":[],"class_list":["post-5172","post","type-post","status-publish","format-standard","has-post-thumbnail","hentry","category-actualidad"],"_links":{"self":[{"href":"https:\/\/infogandia.es\/index.php\/wp-json\/wp\/v2\/posts\/5172","targetHints":{"allow":["GET"]}}],"collection":[{"href":"https:\/\/infogandia.es\/index.php\/wp-json\/wp\/v2\/posts"}],"about":[{"href":"https:\/\/infogandia.es\/index.php\/wp-json\/wp\/v2\/types\/post"}],"author":[{"embeddable":true,"href":"https:\/\/infogandia.es\/index.php\/wp-json\/wp\/v2\/users\/1"}],"replies":[{"embeddable":true,"href":"https:\/\/infogandia.es\/index.php\/wp-json\/wp\/v2\/comments?post=5172"}],"version-history":[{"count":1,"href":"https:\/\/infogandia.es\/index.php\/wp-json\/wp\/v2\/posts\/5172\/revisions"}],"predecessor-version":[{"id":5174,"href":"https:\/\/infogandia.es\/index.php\/wp-json\/wp\/v2\/posts\/5172\/revisions\/5174"}],"wp:featuredmedia":[{"embeddable":true,"href":"https:\/\/infogandia.es\/index.php\/wp-json\/wp\/v2\/media\/5173"}],"wp:attachment":[{"href":"https:\/\/infogandia.es\/index.php\/wp-json\/wp\/v2\/media?parent=5172"}],"wp:term":[{"taxonomy":"category","embeddable":true,"href":"https:\/\/infogandia.es\/index.php\/wp-json\/wp\/v2\/categories?post=5172"},{"taxonomy":"post_tag","embeddable":true,"href":"https:\/\/infogandia.es\/index.php\/wp-json\/wp\/v2\/tags?post=5172"}],"curies":[{"name":"wp","href":"https:\/\/api.w.org\/{rel}","templated":true}]}}