{"id":5179,"date":"2024-12-03T17:33:53","date_gmt":"2024-12-03T17:33:53","guid":{"rendered":"https:\/\/infogandia.es\/?p=5179"},"modified":"2024-12-03T17:33:54","modified_gmt":"2024-12-03T17:33:54","slug":"gandia-impulsa-la-segunda-fase-del-centro-de-capacitacion-digital-para-combatir-la-brecha-tecnologica","status":"publish","type":"post","link":"https:\/\/infogandia.es\/index.php\/2024\/12\/03\/gandia-impulsa-la-segunda-fase-del-centro-de-capacitacion-digital-para-combatir-la-brecha-tecnologica\/","title":{"rendered":"Gandia impulsa la segunda fase del Centro de Capacitaci\u00f3n Digital para combatir la brecha tecnol\u00f3gica"},"content":{"rendered":"\n<p>Gandia, 3 de diciembre de 2024. \u2013 El Ayuntamiento de Gandia ha anunciado el inicio de la segunda fase del <strong>Centro de Capacitaci\u00f3n Digital<\/strong>, una iniciativa destinada a mejorar las competencias digitales de la ciudadan\u00eda y reducir la brecha tecnol\u00f3gica. Este proyecto cuenta nuevamente con una ayuda de <strong>24.500 euros<\/strong> del Ministerio de Educaci\u00f3n, Formaci\u00f3n Profesional y Deportes y la Uni\u00f3n Europea, a trav\u00e9s de los fondos <strong>NextGenerationEU<\/strong> dentro del Plan de Recuperaci\u00f3n, Transformaci\u00f3n y Resiliencia.<\/p>\n\n\n\n<p>En esta edici\u00f3n, las actividades del Centro de Capacitaci\u00f3n Digital se trasladar\u00e1n al <strong>Centro Asociativo Joan Climent<\/strong>, situado en la plaza de les Xocolateres. Los m\u00f3dulos formativos ser\u00e1n impartidos por profesionales que planificar\u00e1n, desarrollar\u00e1n y evaluar\u00e1n los distintos cursos.<\/p>\n\n\n\n<p>El programa abarcar\u00e1 temas clave como:<\/p>\n\n\n\n<ul class=\"wp-block-list\">\n<li><strong>Tecnolog\u00edas habilitadoras digitales<\/strong>.<\/li>\n\n\n\n<li><strong>Informaci\u00f3n y alfabetizaci\u00f3n digital<\/strong>.<\/li>\n\n\n\n<li><strong>Comunicaci\u00f3n y colaboraci\u00f3n en l\u00ednea<\/strong>.<\/li>\n\n\n\n<li><strong>Creaci\u00f3n de contenidos digitales<\/strong>.<\/li>\n\n\n\n<li><strong>Seguridad en la red<\/strong>.<\/li>\n<\/ul>\n\n\n\n<p>Estos conocimientos est\u00e1n basados en unidades de competencia del <strong>Cat\u00e1logo Nacional de Cualificaciones Profesionales<\/strong>, permitiendo que los participantes obtengan acreditaciones oficiales con el acompa\u00f1amiento t\u00e9cnico del personal del \u00c1rea de Econom\u00eda, Empresa, Innovaci\u00f3n y Comercio del Ayuntamiento.<\/p>\n\n\n\n<p>Durante la primera edici\u00f3n, un total de <strong>134 personas<\/strong> adquirieron competencias digitales. Para esta nueva etapa, se espera que al menos <strong>100 participantes<\/strong> se beneficien del programa, consolid\u00e1ndose como una herramienta clave para promover la inclusi\u00f3n digital en la ciudad.<\/p>\n\n\n\n<p>La concejala de Econom\u00eda, Empresa y Empleo, <strong>Elena Moncho<\/strong>, destac\u00f3 la importancia de esta iniciativa, subrayando que est\u00e1 dirigida a personas que, por diversas razones, no han podido desarrollar habilidades digitales esenciales para su d\u00eda a d\u00eda. <strong>\u201cEsta actuaci\u00f3n nos permite ayudar a quienes necesitan adaptarse a una sociedad cada vez m\u00e1s ligada al uso de las tecnolog\u00edas\u201d<\/strong>, se\u00f1al\u00f3 Moncho.<\/p>\n\n\n\n<p>El proyecto, desarrollado en colaboraci\u00f3n con <strong>Urbalab Gandia<\/strong> y en el marco del Pacto por la Generaci\u00f3n D impulsado por el Gobierno de Espa\u00f1a, refuerza el compromiso de Gandia con la digitalizaci\u00f3n inclusiva y la mejora de la calidad de vida de sus ciudadanos.<\/p>\n","protected":false},"excerpt":{"rendered":"<p>Gandia, 3 de diciembre de 2024. \u2013 El Ayuntamiento de Gandia ha anunciado el inicio de la segunda fase del Centro de Capacitaci\u00f3n Digital, una iniciativa destinada a mejorar las competencias digitales de la ciudadan\u00eda y reducir la brecha tecnol\u00f3gica. Este proyecto cuenta nuevamente con una ayuda de 24.500 euros del Ministerio de Educaci\u00f3n, Formaci\u00f3n&#8230;<\/p>\n","protected":false},"author":1,"featured_media":5180,"comment_status":"open","ping_status":"open","sticky":false,"template":"","format":"standard","meta":{"footnotes":""},"categories":[1],"tags":[],"class_list":["post-5179","post","type-post","status-publish","format-standard","has-post-thumbnail","hentry","category-actualidad"],"_links":{"self":[{"href":"https:\/\/infogandia.es\/index.php\/wp-json\/wp\/v2\/posts\/5179","targetHints":{"allow":["GET"]}}],"collection":[{"href":"https:\/\/infogandia.es\/index.php\/wp-json\/wp\/v2\/posts"}],"about":[{"href":"https:\/\/infogandia.es\/index.php\/wp-json\/wp\/v2\/types\/post"}],"author":[{"embeddable":true,"href":"https:\/\/infogandia.es\/index.php\/wp-json\/wp\/v2\/users\/1"}],"replies":[{"embeddable":true,"href":"https:\/\/infogandia.es\/index.php\/wp-json\/wp\/v2\/comments?post=5179"}],"version-history":[{"count":1,"href":"https:\/\/infogandia.es\/index.php\/wp-json\/wp\/v2\/posts\/5179\/revisions"}],"predecessor-version":[{"id":5182,"href":"https:\/\/infogandia.es\/index.php\/wp-json\/wp\/v2\/posts\/5179\/revisions\/5182"}],"wp:featuredmedia":[{"embeddable":true,"href":"https:\/\/infogandia.es\/index.php\/wp-json\/wp\/v2\/media\/5180"}],"wp:attachment":[{"href":"https:\/\/infogandia.es\/index.php\/wp-json\/wp\/v2\/media?parent=5179"}],"wp:term":[{"taxonomy":"category","embeddable":true,"href":"https:\/\/infogandia.es\/index.php\/wp-json\/wp\/v2\/categories?post=5179"},{"taxonomy":"post_tag","embeddable":true,"href":"https:\/\/infogandia.es\/index.php\/wp-json\/wp\/v2\/tags?post=5179"}],"curies":[{"name":"wp","href":"https:\/\/api.w.org\/{rel}","templated":true}]}}