{"id":5183,"date":"2024-12-03T17:34:32","date_gmt":"2024-12-03T17:34:32","guid":{"rendered":"https:\/\/infogandia.es\/?p=5183"},"modified":"2024-12-03T17:34:32","modified_gmt":"2024-12-03T17:34:32","slug":"gandia-acoge-la-vi-edicion-del-reto-solidario-un-libro-una-exposicion","status":"publish","type":"post","link":"https:\/\/infogandia.es\/index.php\/2024\/12\/03\/gandia-acoge-la-vi-edicion-del-reto-solidario-un-libro-una-exposicion\/","title":{"rendered":"Gandia acoge la VI edici\u00f3n del reto solidario \u2018Un libro, una exposici\u00f3n\u2019"},"content":{"rendered":"\n<p>La Sala Carros i Centelles del <strong>Palau Ducal de Gandia<\/strong> ser\u00e1 el escenario, este jueves a las 19:00 horas, de la inauguraci\u00f3n de la sexta edici\u00f3n del reto solidario <strong>\u2018Un libro, una exposici\u00f3n\u2019<\/strong>, una iniciativa que une literatura y arte para recaudar fondos destinados a la lucha contra el c\u00e1ncer infantil.<\/p>\n\n\n\n<p>El proyecto, creado en 2019 por la escritora <strong>Adriana Serlik<\/strong>, busca estrechar lazos entre la literatura y las artes visuales. Este a\u00f1o presenta dos elementos destacados: el libro infantil <strong>\u201cEl misterio de las palabras perdidas\u201d<\/strong>, escrito por la periodista <strong>Ana Llopis<\/strong>, y una exposici\u00f3n art\u00edstica de <strong>Sandra D\u00edaz Sierra<\/strong>, cuyas obras podr\u00e1n visitarse hasta el 5 de enero.<\/p>\n\n\n\n<p>La recaudaci\u00f3n de esta edici\u00f3n se destinar\u00e1 a <strong>Aspanion<\/strong>, una asociaci\u00f3n que brinda apoyo a las familias afectadas por el c\u00e1ncer infantil. La concejala de Sanidad y Pol\u00edticas Saludables, <strong>Liduvina Gil<\/strong>, subray\u00f3 el compromiso del Ayuntamiento de Gandia con esta causa: <strong>\u201cTodos debemos seguir apoyando estas iniciativas altruistas que combinan cultura y solidaridad\u201d<\/strong>.<\/p>\n\n\n\n<p>La publicaci\u00f3n de este a\u00f1o, con ilustraciones de <strong>Irene Moreno<\/strong>, se distingue por su car\u00e1cter interactivo. La autora, <strong>Ana Llopis<\/strong>, explic\u00f3 que <strong>\u201cm\u00e1s que un libro, es un juego. Los ni\u00f1os se embarcar\u00e1n en una gimcana que los llevar\u00e1 a recorrer diferentes lugares de Gandia para descubrir las palabras perdidas y desvelar el misterio de qui\u00e9n las rob\u00f3\u201d<\/strong>.<\/p>\n\n\n\n<p>Por su parte, <strong>Adriana Serlik<\/strong> destac\u00f3 que este nuevo t\u00edtulo mantiene la conexi\u00f3n del proyecto con el c\u00e1ncer, tem\u00e1tica de su primera edici\u00f3n. \u201cEn estos a\u00f1os hemos publicado poes\u00eda y novela, y ahora, por segunda vez, hemos editado un libro infantil que invita a los peque\u00f1os lectores a vivir una aventura especial\u201d, se\u00f1al\u00f3.<\/p>\n\n\n\n<p>La exposici\u00f3n de <strong>Sandra D\u00edaz Sierra<\/strong>, una artista que ya colabor\u00f3 en ediciones anteriores, acompa\u00f1ar\u00e1 la presentaci\u00f3n del libro. Desde el <strong>Palau Ducal<\/strong>, su directora, <strong>Estela Pellicer<\/strong>, reafirm\u00f3 el compromiso del espacio con iniciativas solidarias: <strong>\u201cEste a\u00f1o la recaudaci\u00f3n se destinar\u00e1 a Aspanion, y adem\u00e1s, el libro ayuda a poner en valor el patrimonio de Gandia\u201d<\/strong>.<\/p>\n\n\n\n<p>Esta sexta edici\u00f3n de <strong>\u2018Un libro, una exposici\u00f3n\u2019<\/strong> invita a la ciudadan\u00eda a participar activamente en una propuesta que combina cultura, creatividad y compromiso social, fomentando el acceso a la literatura y el arte mientras se apoya una noble causa.<\/p>\n","protected":false},"excerpt":{"rendered":"<p>La Sala Carros i Centelles del Palau Ducal de Gandia ser\u00e1 el escenario, este jueves a las 19:00 horas, de la inauguraci\u00f3n de la sexta edici\u00f3n del reto solidario \u2018Un libro, una exposici\u00f3n\u2019, una iniciativa que une literatura y arte para recaudar fondos destinados a la lucha contra el c\u00e1ncer infantil. El proyecto, creado en&#8230;<\/p>\n","protected":false},"author":1,"featured_media":5181,"comment_status":"open","ping_status":"open","sticky":false,"template":"","format":"standard","meta":{"footnotes":""},"categories":[1,27],"tags":[],"class_list":["post-5183","post","type-post","status-publish","format-standard","has-post-thumbnail","hentry","category-actualidad","category-sociedad"],"_links":{"self":[{"href":"https:\/\/infogandia.es\/index.php\/wp-json\/wp\/v2\/posts\/5183","targetHints":{"allow":["GET"]}}],"collection":[{"href":"https:\/\/infogandia.es\/index.php\/wp-json\/wp\/v2\/posts"}],"about":[{"href":"https:\/\/infogandia.es\/index.php\/wp-json\/wp\/v2\/types\/post"}],"author":[{"embeddable":true,"href":"https:\/\/infogandia.es\/index.php\/wp-json\/wp\/v2\/users\/1"}],"replies":[{"embeddable":true,"href":"https:\/\/infogandia.es\/index.php\/wp-json\/wp\/v2\/comments?post=5183"}],"version-history":[{"count":1,"href":"https:\/\/infogandia.es\/index.php\/wp-json\/wp\/v2\/posts\/5183\/revisions"}],"predecessor-version":[{"id":5184,"href":"https:\/\/infogandia.es\/index.php\/wp-json\/wp\/v2\/posts\/5183\/revisions\/5184"}],"wp:featuredmedia":[{"embeddable":true,"href":"https:\/\/infogandia.es\/index.php\/wp-json\/wp\/v2\/media\/5181"}],"wp:attachment":[{"href":"https:\/\/infogandia.es\/index.php\/wp-json\/wp\/v2\/media?parent=5183"}],"wp:term":[{"taxonomy":"category","embeddable":true,"href":"https:\/\/infogandia.es\/index.php\/wp-json\/wp\/v2\/categories?post=5183"},{"taxonomy":"post_tag","embeddable":true,"href":"https:\/\/infogandia.es\/index.php\/wp-json\/wp\/v2\/tags?post=5183"}],"curies":[{"name":"wp","href":"https:\/\/api.w.org\/{rel}","templated":true}]}}