{"id":5207,"date":"2024-12-09T17:40:58","date_gmt":"2024-12-09T17:40:58","guid":{"rendered":"https:\/\/infogandia.es\/?p=5207"},"modified":"2024-12-09T17:40:58","modified_gmt":"2024-12-09T17:40:58","slug":"prieto-destaca-el-peso-de-la-formacion-profesional-y-el-liderazgo-de-gandia-en-las-jornadas-del-ies-tirant-lo-blanc","status":"publish","type":"post","link":"https:\/\/infogandia.es\/index.php\/2024\/12\/09\/prieto-destaca-el-peso-de-la-formacion-profesional-y-el-liderazgo-de-gandia-en-las-jornadas-del-ies-tirant-lo-blanc\/","title":{"rendered":"Prieto destaca el peso de la Formaci\u00f3n Profesional y el liderazgo de Gandia en las jornadas del IES Tirant lo Blanc"},"content":{"rendered":"\n<p>El Instituto de Educaci\u00f3n Secundaria (IES) Tirant lo Blanc de Gandia celebra esta semana la s\u00e9ptima edici\u00f3n de las Jornadas T\u00e9cnicas de Formaci\u00f3n Profesional (FP). Durante cinco d\u00edas, el evento incluye talleres, charlas, conferencias, mesas redondas y ponencias destinadas a mostrar al alumnado las oportunidades y ventajas que ofrece la FP. Estas jornadas cuentan con la participaci\u00f3n de profesionales y entidades comprometidas con la formaci\u00f3n de perfiles altamente cualificados.<\/p>\n\n\n\n<p>El alcalde de Gandia, Jos\u00e9 Manuel Prieto, particip\u00f3 en el acto de apertura junto con Salvador Colomar, subdirector de Formaci\u00f3n Profesional; Ram\u00f3n Soler, vicepresidente de la Federaci\u00f3n de Asociaciones de Empresarios de la Safor (FAES); Carmen Fuster, directora del IES Tirant lo Blanc; y Susana Sancho, inspectora de Educaci\u00f3n. Tambi\u00e9n asistieron otros representantes municipales y del \u00e1mbito educativo y empresarial.<\/p>\n\n\n\n<p>Durante su intervenci\u00f3n, Prieto destac\u00f3 que Gandia alberga el primer <strong>Consejo Territorial de FP<\/strong> de la Comunidad Valenciana, dise\u00f1ado para atender las necesidades espec\u00edficas de la ciudad y la comarca. Este organismo busca retener el talento local y atraer a quienes emigraron en busca de oportunidades.<\/p>\n\n\n\n<p>El alcalde atribuy\u00f3 el aumento en la poblaci\u00f3n activa y en el n\u00famero de afiliados a la Seguridad Social en Gandia a la capacidad de la ciudad para ofrecer respuestas efectivas a sus ciudadanos, atraer nuevos residentes y brindar a los j\u00f3venes acceso a un mercado laboral cada vez m\u00e1s competitivo.<\/p>\n\n\n\n<p>Prieto insisti\u00f3 en la importancia de adaptar la Formaci\u00f3n Profesional a los cambios de la sociedad y subray\u00f3 el compromiso del gobierno local con la colaboraci\u00f3n p\u00fablico-privada para mejorar la competitividad del tejido productivo y la formaci\u00f3n de trabajadores con perfiles cualificados.<\/p>\n\n\n\n<p>Las jornadas resaltaron tambi\u00e9n los logros derivados de iniciativas como la <strong>Ley de Formaci\u00f3n Profesional de 2022<\/strong> y el <strong>Plan de Modernizaci\u00f3n de la FP<\/strong>, que han incrementado en un 35% la matr\u00edcula en FP en los \u00faltimos cinco a\u00f1os, alcanzando 1,1 millones de estudiantes en Espa\u00f1a. Asimismo, se destac\u00f3 la tasa de empleabilidad de los titulados, que supera el 73%, lo que ha contribuido al crecimiento econ\u00f3mico y a cifras r\u00e9cord de empleo en el pa\u00eds.<\/p>\n\n\n\n<p>Prieto puso en valor la educaci\u00f3n p\u00fablica y elogi\u00f3 el trabajo de los educadores de Formaci\u00f3n Profesional, resaltando el papel de una generaci\u00f3n joven que, pese a enfrentar crisis sin precedentes, dispone del talento, los valores y la creatividad necesarios para construir un futuro pr\u00f3spero.<\/p>\n\n\n\n<p>Estas jornadas reafirman el liderazgo de Gandia como referencia en Formaci\u00f3n Profesional y su compromiso con la preparaci\u00f3n de generaciones que contribuyan al desarrollo econ\u00f3mico y social de la regi\u00f3n.<\/p>\n","protected":false},"excerpt":{"rendered":"<p>El Instituto de Educaci\u00f3n Secundaria (IES) Tirant lo Blanc de Gandia celebra esta semana la s\u00e9ptima edici\u00f3n de las Jornadas T\u00e9cnicas de Formaci\u00f3n Profesional (FP). Durante cinco d\u00edas, el evento incluye talleres, charlas, conferencias, mesas redondas y ponencias destinadas a mostrar al alumnado las oportunidades y ventajas que ofrece la FP. Estas jornadas cuentan con&#8230;<\/p>\n","protected":false},"author":1,"featured_media":5204,"comment_status":"open","ping_status":"open","sticky":false,"template":"","format":"standard","meta":{"footnotes":""},"categories":[1],"tags":[],"class_list":["post-5207","post","type-post","status-publish","format-standard","has-post-thumbnail","hentry","category-actualidad"],"_links":{"self":[{"href":"https:\/\/infogandia.es\/index.php\/wp-json\/wp\/v2\/posts\/5207","targetHints":{"allow":["GET"]}}],"collection":[{"href":"https:\/\/infogandia.es\/index.php\/wp-json\/wp\/v2\/posts"}],"about":[{"href":"https:\/\/infogandia.es\/index.php\/wp-json\/wp\/v2\/types\/post"}],"author":[{"embeddable":true,"href":"https:\/\/infogandia.es\/index.php\/wp-json\/wp\/v2\/users\/1"}],"replies":[{"embeddable":true,"href":"https:\/\/infogandia.es\/index.php\/wp-json\/wp\/v2\/comments?post=5207"}],"version-history":[{"count":1,"href":"https:\/\/infogandia.es\/index.php\/wp-json\/wp\/v2\/posts\/5207\/revisions"}],"predecessor-version":[{"id":5208,"href":"https:\/\/infogandia.es\/index.php\/wp-json\/wp\/v2\/posts\/5207\/revisions\/5208"}],"wp:featuredmedia":[{"embeddable":true,"href":"https:\/\/infogandia.es\/index.php\/wp-json\/wp\/v2\/media\/5204"}],"wp:attachment":[{"href":"https:\/\/infogandia.es\/index.php\/wp-json\/wp\/v2\/media?parent=5207"}],"wp:term":[{"taxonomy":"category","embeddable":true,"href":"https:\/\/infogandia.es\/index.php\/wp-json\/wp\/v2\/categories?post=5207"},{"taxonomy":"post_tag","embeddable":true,"href":"https:\/\/infogandia.es\/index.php\/wp-json\/wp\/v2\/tags?post=5207"}],"curies":[{"name":"wp","href":"https:\/\/api.w.org\/{rel}","templated":true}]}}