{"id":5212,"date":"2024-12-10T16:39:49","date_gmt":"2024-12-10T16:39:49","guid":{"rendered":"https:\/\/infogandia.es\/?p=5212"},"modified":"2024-12-10T16:39:49","modified_gmt":"2024-12-10T16:39:49","slug":"comienza-la-limpieza-de-las-playas-de-gandia-tras-los-efectos-de-la-dana","status":"publish","type":"post","link":"https:\/\/infogandia.es\/index.php\/2024\/12\/10\/comienza-la-limpieza-de-las-playas-de-gandia-tras-los-efectos-de-la-dana\/","title":{"rendered":"Comienza la limpieza de las playas de Gandia tras los efectos de la DANA"},"content":{"rendered":"\n<p>El concejal delegado de Servicios B\u00e1sicos, Jes\u00fas Naveiro, ha anunciado esta ma\u00f1ana el inicio de los trabajos de limpieza en la playa de Gandia para retirar ca\u00f1as y otros restos acumulados tras el paso de la DANA.<\/p>\n\n\n\n<p>El operativo, financiado con 100.000 euros de fondos municipales, tiene como objetivo restaurar las condiciones del litoral afectado por la cat\u00e1strofe natural. Durante la semana pasada, la empresa encargada comenz\u00f3 con la reagrupaci\u00f3n de los desechos y, desde ayer, los camiones han iniciado las labores de extracci\u00f3n y transporte hacia el vertedero.<\/p>\n\n\n\n<p>Se estima que las tareas de limpieza se prolongar\u00e1n durante aproximadamente un mes, dependiendo del avance de los trabajos. Seg\u00fan explic\u00f3 Naveiro, &#8220;una vez superada la emergencia y con los permisos necesarios en mano, hemos podido contratar maquinaria pesada para iniciar las labores&#8221;.<\/p>\n\n\n\n<p>La intervenci\u00f3n busca devolver la normalidad al litoral, siendo una prioridad para el consistorio tras los da\u00f1os sufridos en la zona costera.<\/p>\n","protected":false},"excerpt":{"rendered":"<p>El concejal delegado de Servicios B\u00e1sicos, Jes\u00fas Naveiro, ha anunciado esta ma\u00f1ana el inicio de los trabajos de limpieza en la playa de Gandia para retirar ca\u00f1as y otros restos acumulados tras el paso de la DANA. El operativo, financiado con 100.000 euros de fondos municipales, tiene como objetivo restaurar las condiciones del litoral afectado&#8230;<\/p>\n","protected":false},"author":1,"featured_media":5213,"comment_status":"open","ping_status":"open","sticky":false,"template":"","format":"standard","meta":{"footnotes":""},"categories":[1],"tags":[],"class_list":["post-5212","post","type-post","status-publish","format-standard","has-post-thumbnail","hentry","category-actualidad"],"_links":{"self":[{"href":"https:\/\/infogandia.es\/index.php\/wp-json\/wp\/v2\/posts\/5212","targetHints":{"allow":["GET"]}}],"collection":[{"href":"https:\/\/infogandia.es\/index.php\/wp-json\/wp\/v2\/posts"}],"about":[{"href":"https:\/\/infogandia.es\/index.php\/wp-json\/wp\/v2\/types\/post"}],"author":[{"embeddable":true,"href":"https:\/\/infogandia.es\/index.php\/wp-json\/wp\/v2\/users\/1"}],"replies":[{"embeddable":true,"href":"https:\/\/infogandia.es\/index.php\/wp-json\/wp\/v2\/comments?post=5212"}],"version-history":[{"count":1,"href":"https:\/\/infogandia.es\/index.php\/wp-json\/wp\/v2\/posts\/5212\/revisions"}],"predecessor-version":[{"id":5214,"href":"https:\/\/infogandia.es\/index.php\/wp-json\/wp\/v2\/posts\/5212\/revisions\/5214"}],"wp:featuredmedia":[{"embeddable":true,"href":"https:\/\/infogandia.es\/index.php\/wp-json\/wp\/v2\/media\/5213"}],"wp:attachment":[{"href":"https:\/\/infogandia.es\/index.php\/wp-json\/wp\/v2\/media?parent=5212"}],"wp:term":[{"taxonomy":"category","embeddable":true,"href":"https:\/\/infogandia.es\/index.php\/wp-json\/wp\/v2\/categories?post=5212"},{"taxonomy":"post_tag","embeddable":true,"href":"https:\/\/infogandia.es\/index.php\/wp-json\/wp\/v2\/tags?post=5212"}],"curies":[{"name":"wp","href":"https:\/\/api.w.org\/{rel}","templated":true}]}}