{"id":5225,"date":"2024-12-11T11:08:46","date_gmt":"2024-12-11T11:08:46","guid":{"rendered":"https:\/\/infogandia.es\/?p=5225"},"modified":"2024-12-11T11:08:46","modified_gmt":"2024-12-11T11:08:46","slug":"gandia-inaugura-uno-de-los-murales-mas-grandes-de-espana-gracias-a-la-colaboracion-publico-privada","status":"publish","type":"post","link":"https:\/\/infogandia.es\/index.php\/2024\/12\/11\/gandia-inaugura-uno-de-los-murales-mas-grandes-de-espana-gracias-a-la-colaboracion-publico-privada\/","title":{"rendered":"Gandia inaugura uno de los murales m\u00e1s grandes de Espa\u00f1a gracias a la colaboraci\u00f3n p\u00fablico-privada"},"content":{"rendered":"\n<p>La entrada sur de Gandia estrena un impresionante mural que se ha convertido en una de las obras m\u00e1s grandes de su tipo en Espa\u00f1a, gracias a la colaboraci\u00f3n entre el sector p\u00fablico y privado.<\/p>\n\n\n\n<p>La concejala de Cultura, Balbina Sendra, explic\u00f3 que la empresa Autis decidi\u00f3 conmemorar su 25\u00ba aniversario con la creaci\u00f3n de este mural, una iniciativa que el departamento de Cultura aprovech\u00f3 para trabajar conjuntamente y garantizar que la obra reflejara la identidad y simbolismo de la ciudad.<\/p>\n\n\n\n<p>\u201cGandia es una capital con numerosos puntos emblem\u00e1ticos, como los tinglados del puerto, que ahora se ven representados en el mural\u201d, destac\u00f3 Sendra. Adem\u00e1s, subray\u00f3 la relevancia de Autis, una empresa que aplica tecnolog\u00eda avanzada y procesos de automatizaci\u00f3n industrial, con presencia en numerosos pa\u00edses. \u201cColaborar con ellos era fundamental para nosotros\u201d, a\u00f1adi\u00f3.<\/p>\n\n\n\n<p>Por su parte, el director general de Autis, Jos\u00e9 Bohigues, expres\u00f3 su satisfacci\u00f3n con el resultado. \u201cHemos logrado nuestros objetivos: celebrar nuestro 25\u00ba aniversario y mostrar a la ciudad lo que hacemos\u201d, coment\u00f3. Adem\u00e1s, destac\u00f3 la importancia de este proyecto para visibilizar su actividad internacional, que alcanza el 90%, y para mantener un v\u00ednculo con su lugar de origen.<\/p>\n\n\n\n<p>Finalmente, el artista Eloi \u00c1ngel resalt\u00f3 lo fluida que fue la colaboraci\u00f3n con Autis y el departamento de Cultura, y agradeci\u00f3 la confianza depositada en \u00e9l y su equipo. \u201cEste mural no solo es el m\u00e1s grande de la Comunidad Valenciana, sino tambi\u00e9n uno de los diez m\u00e1s grandes de Espa\u00f1a\u201d, afirm\u00f3, se\u00f1alando que la obra cubre una superficie de 67 metros de largo por 12 de alto.<\/p>\n\n\n\n<p>El mural, situado estrat\u00e9gicamente, se erige como un s\u00edmbolo de identidad local y un homenaje al talento y la innovaci\u00f3n que emergen de Gandia.<\/p>\n\n\n\n<figure class=\"wp-block-image size-full\"><img fetchpriority=\"high\" decoding=\"async\" width=\"1000\" height=\"250\" src=\"https:\/\/infogandia.es\/wp-content\/uploads\/2024\/12\/GENERICA_1000x250px.gif\" alt=\"\" class=\"wp-image-5226\"\/><\/figure>\n","protected":false},"excerpt":{"rendered":"<p>La entrada sur de Gandia estrena un impresionante mural que se ha convertido en una de las obras m\u00e1s grandes de su tipo en Espa\u00f1a, gracias a la colaboraci\u00f3n entre el sector p\u00fablico y privado. La concejala de Cultura, Balbina Sendra, explic\u00f3 que la empresa Autis decidi\u00f3 conmemorar su 25\u00ba aniversario con la creaci\u00f3n de&#8230;<\/p>\n","protected":false},"author":1,"featured_media":5227,"comment_status":"open","ping_status":"open","sticky":false,"template":"","format":"standard","meta":{"footnotes":""},"categories":[1,27,57],"tags":[],"class_list":["post-5225","post","type-post","status-publish","format-standard","has-post-thumbnail","hentry","category-actualidad","category-sociedad","category-turismo"],"_links":{"self":[{"href":"https:\/\/infogandia.es\/index.php\/wp-json\/wp\/v2\/posts\/5225","targetHints":{"allow":["GET"]}}],"collection":[{"href":"https:\/\/infogandia.es\/index.php\/wp-json\/wp\/v2\/posts"}],"about":[{"href":"https:\/\/infogandia.es\/index.php\/wp-json\/wp\/v2\/types\/post"}],"author":[{"embeddable":true,"href":"https:\/\/infogandia.es\/index.php\/wp-json\/wp\/v2\/users\/1"}],"replies":[{"embeddable":true,"href":"https:\/\/infogandia.es\/index.php\/wp-json\/wp\/v2\/comments?post=5225"}],"version-history":[{"count":1,"href":"https:\/\/infogandia.es\/index.php\/wp-json\/wp\/v2\/posts\/5225\/revisions"}],"predecessor-version":[{"id":5228,"href":"https:\/\/infogandia.es\/index.php\/wp-json\/wp\/v2\/posts\/5225\/revisions\/5228"}],"wp:featuredmedia":[{"embeddable":true,"href":"https:\/\/infogandia.es\/index.php\/wp-json\/wp\/v2\/media\/5227"}],"wp:attachment":[{"href":"https:\/\/infogandia.es\/index.php\/wp-json\/wp\/v2\/media?parent=5225"}],"wp:term":[{"taxonomy":"category","embeddable":true,"href":"https:\/\/infogandia.es\/index.php\/wp-json\/wp\/v2\/categories?post=5225"},{"taxonomy":"post_tag","embeddable":true,"href":"https:\/\/infogandia.es\/index.php\/wp-json\/wp\/v2\/tags?post=5225"}],"curies":[{"name":"wp","href":"https:\/\/api.w.org\/{rel}","templated":true}]}}