{"id":5239,"date":"2024-12-13T08:37:50","date_gmt":"2024-12-13T08:37:50","guid":{"rendered":"https:\/\/infogandia.es\/?p=5239"},"modified":"2024-12-13T08:37:50","modified_gmt":"2024-12-13T08:37:50","slug":"la-colegiata-de-gandia-sera-templo-jubilar-durante-el-ano-santo-2025","status":"publish","type":"post","link":"https:\/\/infogandia.es\/index.php\/2024\/12\/13\/la-colegiata-de-gandia-sera-templo-jubilar-durante-el-ano-santo-2025\/","title":{"rendered":"La Colegiata de Gandia ser\u00e1 Templo Jubilar durante el A\u00f1o Santo 2025"},"content":{"rendered":"\n<p>La Insigne Colegiata de Gandia ha sido designada como <strong>Templo Jubilar<\/strong> para el pr\u00f3ximo A\u00f1o Santo 2025, una efem\u00e9ride especial convocada por el Papa Francisco con motivo de los 2025 a\u00f1os de la venida de Cristo. El decreto fue promulgado por el Arzobispo de Valencia, monse\u00f1or Enrique Benavent Vidal, el pasado 9 de diciembre, se\u00f1alando los templos jubilares de la Archidi\u00f3cesis de Valencia y las condiciones para obtener el jubileo.<\/p>\n\n\n\n<p>El A\u00f1o Jubilar, bajo el lema <strong>\u00abPeregrinos de Esperanza\u00bb<\/strong>, comenzar\u00e1 oficialmente el 29 de diciembre de 2024 con una celebraci\u00f3n en la Catedral de Valencia y finalizar\u00e1 el 28 de diciembre de 2025. Este periodo ser\u00e1 una oportunidad para la renovaci\u00f3n de la fe y el fortalecimiento de la esperanza cristiana.<\/p>\n\n\n\n<p>La Colegiata de Gandia, que ya tiene experiencia en la organizaci\u00f3n de A\u00f1os Jubilares, se prepara para recibir a los peregrinos con una serie de adaptaciones y actividades:<\/p>\n\n\n\n<ul class=\"wp-block-list\">\n<li><strong>Misa Jubilar diaria<\/strong>: La Eucarist\u00eda de las 11:30 h ser\u00e1 el principal acto jubilar.<\/li>\n\n\n\n<li><strong>Refuerzo de horarios para el Sacramento de la Penitencia<\/strong>: Facilitar\u00e1 el cumplimiento de las condiciones para obtener el jubileo.<\/li>\n\n\n\n<li><strong>Acondicionamiento tur\u00edstico<\/strong>: Se habilitar\u00e1 una entrada especial para peregrinos y se ofrecer\u00e1n visitas guiadas y audioguiadas.<\/li>\n<\/ul>\n\n\n\n<p>Las limosnas recaudadas durante el A\u00f1o Jubilar se destinar\u00e1n al <strong>Preventorio Infantil Nuestra Se\u00f1ora del Amparo<\/strong>, reforzando as\u00ed el car\u00e1cter solidario de esta celebraci\u00f3n.<\/p>\n\n\n\n<p>La designaci\u00f3n de la Colegiata como templo jubilar evoca momentos hist\u00f3ricos destacados, como el Jubileo del a\u00f1o 2000 o el de 1500, convocado por el Papa Alejandro VI. Durante este \u00faltimo, la duquesa Mar\u00eda Enr\u00edquez impuls\u00f3 la finalizaci\u00f3n de las obras del templo y logr\u00f3 que fuese elevado a la categor\u00eda de Colegiata.<\/p>\n\n\n\n<p>Este pr\u00f3ximo A\u00f1o Santo coincidir\u00e1 con las obras de restauraci\u00f3n del campanario, que a\u00f1adir\u00e1n un especial esplendor a la celebraci\u00f3n.<\/p>\n\n\n\n<figure class=\"wp-block-image size-large\"><img fetchpriority=\"high\" decoding=\"async\" width=\"1024\" height=\"768\" src=\"https:\/\/infogandia.es\/wp-content\/uploads\/2024\/12\/Vista-Colegiata-de-Gandia-1024x768.jpg\" alt=\"\" class=\"wp-image-5241\" srcset=\"https:\/\/infogandia.es\/wp-content\/uploads\/2024\/12\/Vista-Colegiata-de-Gandia-1024x768.jpg 1024w, https:\/\/infogandia.es\/wp-content\/uploads\/2024\/12\/Vista-Colegiata-de-Gandia-300x225.jpg 300w, https:\/\/infogandia.es\/wp-content\/uploads\/2024\/12\/Vista-Colegiata-de-Gandia-768x576.jpg 768w, https:\/\/infogandia.es\/wp-content\/uploads\/2024\/12\/Vista-Colegiata-de-Gandia-1536x1152.jpg 1536w, https:\/\/infogandia.es\/wp-content\/uploads\/2024\/12\/Vista-Colegiata-de-Gandia.jpg 2048w\" sizes=\"(max-width: 1024px) 100vw, 1024px\" \/><\/figure>\n\n\n\n<h3 class=\"wp-block-heading\"><strong>Actividades de Navidad 2024-2025<\/strong><\/h3>\n\n\n\n<p>La Colegiata tambi\u00e9n ha anunciado una variada programaci\u00f3n para estas fechas navide\u00f1as, con eventos como:<\/p>\n\n\n\n<ul class=\"wp-block-list\">\n<li><strong>Visitas guiadas y musicalizadas<\/strong>: Una experiencia enriquecida con repertorios musicales vinculados a la historia de la Colegiata.<\/li>\n\n\n\n<li><strong>Cant de la Sibil\u00b7la<\/strong>: El 22 de diciembre a las 21:00 h, con entradas a beneficio del Preventorio Infantil Nuestra Se\u00f1ora del Amparo.<\/li>\n\n\n\n<li><strong>Espect\u00e1culo \u201cSe arm\u00f3 el Bel\u00e9n\u201d<\/strong>: Presentado por el Colegio M.S. de Calder\u00f3n el 18 de diciembre en el Teatro Serrano.<\/li>\n\n\n\n<li><strong>Concierto de Navidad<\/strong>: El 20 de diciembre a las 21:00 h, con entrada libre hasta completar aforo.<\/li>\n\n\n\n<li><strong>Visita de los Reyes Magos<\/strong>: El 5 de enero a las 18:30 h.<\/li>\n<\/ul>\n\n\n\n<p>Con estas actividades y las celebraciones jubilares, la Colegiata de Gandia se consolida como un referente espiritual y cultural en la Comunidad Valenciana, agradeciendo al Arzobispo de Valencia su confianza para acoger esta significativa efem\u00e9ride.<\/p>\n","protected":false},"excerpt":{"rendered":"<p>La Insigne Colegiata de Gandia ha sido designada como Templo Jubilar para el pr\u00f3ximo A\u00f1o Santo 2025, una efem\u00e9ride especial convocada por el Papa Francisco con motivo de los 2025 a\u00f1os de la venida de Cristo. El decreto fue promulgado por el Arzobispo de Valencia, monse\u00f1or Enrique Benavent Vidal, el pasado 9 de diciembre, se\u00f1alando&#8230;<\/p>\n","protected":false},"author":1,"featured_media":5240,"comment_status":"open","ping_status":"open","sticky":false,"template":"","format":"standard","meta":{"footnotes":""},"categories":[1,27],"tags":[],"class_list":["post-5239","post","type-post","status-publish","format-standard","has-post-thumbnail","hentry","category-actualidad","category-sociedad"],"_links":{"self":[{"href":"https:\/\/infogandia.es\/index.php\/wp-json\/wp\/v2\/posts\/5239","targetHints":{"allow":["GET"]}}],"collection":[{"href":"https:\/\/infogandia.es\/index.php\/wp-json\/wp\/v2\/posts"}],"about":[{"href":"https:\/\/infogandia.es\/index.php\/wp-json\/wp\/v2\/types\/post"}],"author":[{"embeddable":true,"href":"https:\/\/infogandia.es\/index.php\/wp-json\/wp\/v2\/users\/1"}],"replies":[{"embeddable":true,"href":"https:\/\/infogandia.es\/index.php\/wp-json\/wp\/v2\/comments?post=5239"}],"version-history":[{"count":1,"href":"https:\/\/infogandia.es\/index.php\/wp-json\/wp\/v2\/posts\/5239\/revisions"}],"predecessor-version":[{"id":5242,"href":"https:\/\/infogandia.es\/index.php\/wp-json\/wp\/v2\/posts\/5239\/revisions\/5242"}],"wp:featuredmedia":[{"embeddable":true,"href":"https:\/\/infogandia.es\/index.php\/wp-json\/wp\/v2\/media\/5240"}],"wp:attachment":[{"href":"https:\/\/infogandia.es\/index.php\/wp-json\/wp\/v2\/media?parent=5239"}],"wp:term":[{"taxonomy":"category","embeddable":true,"href":"https:\/\/infogandia.es\/index.php\/wp-json\/wp\/v2\/categories?post=5239"},{"taxonomy":"post_tag","embeddable":true,"href":"https:\/\/infogandia.es\/index.php\/wp-json\/wp\/v2\/tags?post=5239"}],"curies":[{"name":"wp","href":"https:\/\/api.w.org\/{rel}","templated":true}]}}