{"id":5248,"date":"2024-12-13T13:23:13","date_gmt":"2024-12-13T13:23:13","guid":{"rendered":"https:\/\/infogandia.es\/?p=5248"},"modified":"2024-12-13T13:23:13","modified_gmt":"2024-12-13T13:23:13","slug":"gandia-acoge-el-festival-solidario-la-safor-x-valencia-los-dias-11-y-12-de-enero-en-beneficio-de-los-afectados-por-la-dana","status":"publish","type":"post","link":"https:\/\/infogandia.es\/index.php\/2024\/12\/13\/gandia-acoge-el-festival-solidario-la-safor-x-valencia-los-dias-11-y-12-de-enero-en-beneficio-de-los-afectados-por-la-dana\/","title":{"rendered":"Gandia acoge el Festival Solidario \u201cLa Safor X Val\u00e8ncia\u201d los d\u00edas 11 y 12 de enero en beneficio de los afectados por la DANA"},"content":{"rendered":"\n<p>La plaza del Tirant de Gandia ser\u00e1 el escenario del <strong>Festival Solidario \u201cLa Safor X Val\u00e8ncia\u201d<\/strong>, una iniciativa destinada a recaudar fondos para los afectados por la DANA a trav\u00e9s de la m\u00fasica. El evento, que se celebrar\u00e1 los pr\u00f3ximos <strong>11 y 12 de enero<\/strong>, contar\u00e1 con la actuaci\u00f3n gratuita de <strong>35 bandas y DJ\u2019s<\/strong>, entre las que destacan <strong>Ciudad Jara<\/strong> y <strong>\u00d2scar Briz<\/strong> como cabezas de cartel.<\/p>\n\n\n\n<p>Los beneficios se destinar\u00e1n a la <strong>Fundaci\u00f3n Horta Sud<\/strong>, encargada de canalizar la ayuda, seg\u00fan ha explicado el alcalde de Gandia, <strong>Jos\u00e9 Manuel Prieto<\/strong>, en una rueda de prensa. Prieto ha subrayado la importancia de mantener la solidaridad con los municipios afectados por la DANA y ha destacado que \u201cdesde el primer momento Gandia estuvo implicada en el dispositivo de ayuda\u201d.<\/p>\n\n\n\n<p>Seg\u00fan <strong>Paula Bernab\u00e9<\/strong>, coordinadora del festival, el evento surgi\u00f3 gracias a la iniciativa de la banda <strong>No som de Seattle<\/strong>, que, tras ayudar en las tareas de limpieza en municipios afectados, decidi\u00f3 organizar este proyecto solidario. \u201cM\u00e1s all\u00e1 de limpiar, pensamos en ayudar haciendo m\u00fasica y contactando con amigos, grupos y cantautores\u201d, ha afirmado Bernab\u00e9.<\/p>\n\n\n\n<p>El festival tambi\u00e9n incluir\u00e1 estands de colaboradores, <strong>foodtrucks<\/strong>, y la posibilidad de apoyar a diversas entidades locales, como protectoras de animales, librer\u00edas, escuelas y colectivos de m\u00fasicos.<\/p>\n\n\n\n<h3 class=\"wp-block-heading\"><strong>Detalles del Festival Solidario \u201cLa Safor X Val\u00e8ncia\u201d<\/strong><\/h3>\n\n\n\n<ul class=\"wp-block-list\">\n<li><strong>Fechas:<\/strong> 11 y 12 de enero de 2024<\/li>\n\n\n\n<li><strong>Lugar:<\/strong> Plaza del Tirant, Gandia<\/li>\n\n\n\n<li><strong>Horario:<\/strong>\n<ul class=\"wp-block-list\">\n<li><strong>S\u00e1bado:<\/strong> De 10:00 h a 01:00 h<\/li>\n\n\n\n<li><strong>Domingo:<\/strong> De 10:00 h a 18:30 h<\/li>\n<\/ul>\n<\/li>\n\n\n\n<li><strong>Entradas:<\/strong>\n<ul class=\"wp-block-list\">\n<li><strong>Precio:<\/strong> 18 \u20ac para los dos d\u00edas (compra online en <a href=\"http:\/\/www.ticketere.com\">www.ticketere.com<\/a>)<\/li>\n\n\n\n<li><strong>Entrada gratuita para menores de 6 a\u00f1os<\/strong><\/li>\n\n\n\n<li><strong>Fila 0<\/strong> disponible para donaciones<\/li>\n<\/ul>\n<\/li>\n\n\n\n<li><\/li>\n<\/ul>\n\n\n\n<p>El Ayuntamiento de Gandia, a trav\u00e9s de la concejala de Cultura, <strong>Balbina Sendra<\/strong>, y otros implicados, ha animado a la ciudadan\u00eda y a las empresas locales a sumarse al proyecto. Bernab\u00e9 ha hecho un llamamiento a la colaboraci\u00f3n para cubrir gastos esenciales como seguridad, sanidad y log\u00edstica. Las empresas interesadas pueden contactar a trav\u00e9s de la web oficial: <a href=\"http:\/\/www.lasaforxvalencia.org\">www.lasaforxvalencia.org<\/a>.<\/p>\n\n\n\n<p>Con una estimaci\u00f3n inicial de 3.000 asistentes, el alcalde Prieto conf\u00eda en que Gandia demostrar\u00e1 una vez m\u00e1s su esp\u00edritu solidario: \u201cSomos una ciudad unida ante las situaciones importantes, y este festival es un ejemplo m\u00e1s de la fuerza de nuestra gente\u201d.<\/p>\n","protected":false},"excerpt":{"rendered":"<p>La plaza del Tirant de Gandia ser\u00e1 el escenario del Festival Solidario \u201cLa Safor X Val\u00e8ncia\u201d, una iniciativa destinada a recaudar fondos para los afectados por la DANA a trav\u00e9s de la m\u00fasica. El evento, que se celebrar\u00e1 los pr\u00f3ximos 11 y 12 de enero, contar\u00e1 con la actuaci\u00f3n gratuita de 35 bandas y DJ\u2019s,&#8230;<\/p>\n","protected":false},"author":1,"featured_media":5249,"comment_status":"open","ping_status":"open","sticky":false,"template":"","format":"standard","meta":{"footnotes":""},"categories":[1,27],"tags":[],"class_list":["post-5248","post","type-post","status-publish","format-standard","has-post-thumbnail","hentry","category-actualidad","category-sociedad"],"_links":{"self":[{"href":"https:\/\/infogandia.es\/index.php\/wp-json\/wp\/v2\/posts\/5248","targetHints":{"allow":["GET"]}}],"collection":[{"href":"https:\/\/infogandia.es\/index.php\/wp-json\/wp\/v2\/posts"}],"about":[{"href":"https:\/\/infogandia.es\/index.php\/wp-json\/wp\/v2\/types\/post"}],"author":[{"embeddable":true,"href":"https:\/\/infogandia.es\/index.php\/wp-json\/wp\/v2\/users\/1"}],"replies":[{"embeddable":true,"href":"https:\/\/infogandia.es\/index.php\/wp-json\/wp\/v2\/comments?post=5248"}],"version-history":[{"count":1,"href":"https:\/\/infogandia.es\/index.php\/wp-json\/wp\/v2\/posts\/5248\/revisions"}],"predecessor-version":[{"id":5250,"href":"https:\/\/infogandia.es\/index.php\/wp-json\/wp\/v2\/posts\/5248\/revisions\/5250"}],"wp:featuredmedia":[{"embeddable":true,"href":"https:\/\/infogandia.es\/index.php\/wp-json\/wp\/v2\/media\/5249"}],"wp:attachment":[{"href":"https:\/\/infogandia.es\/index.php\/wp-json\/wp\/v2\/media?parent=5248"}],"wp:term":[{"taxonomy":"category","embeddable":true,"href":"https:\/\/infogandia.es\/index.php\/wp-json\/wp\/v2\/categories?post=5248"},{"taxonomy":"post_tag","embeddable":true,"href":"https:\/\/infogandia.es\/index.php\/wp-json\/wp\/v2\/tags?post=5248"}],"curies":[{"name":"wp","href":"https:\/\/api.w.org\/{rel}","templated":true}]}}