{"id":5294,"date":"2024-12-19T11:41:51","date_gmt":"2024-12-19T11:41:51","guid":{"rendered":"https:\/\/infogandia.es\/?p=5294"},"modified":"2024-12-19T11:41:51","modified_gmt":"2024-12-19T11:41:51","slug":"la-xxiii-edicion-del-km-vertical-de-gandia-se-celebrara-el-12-de-enero","status":"publish","type":"post","link":"https:\/\/infogandia.es\/index.php\/2024\/12\/19\/la-xxiii-edicion-del-km-vertical-de-gandia-se-celebrara-el-12-de-enero\/","title":{"rendered":"La XXIII edici\u00f3n del KM Vertical de Gandia se celebrar\u00e1 el 12 de enero"},"content":{"rendered":"\n<p>Gandia, 19 de diciembre de 2024.- El regidor delegado de Deportes, Jes\u00fas Naveiro, junto al presidente del Club Alp\u00ed Gandia, Miguel Cebri\u00e1n, present\u00f3 esta ma\u00f1ana la XXIII edici\u00f3n del KM Vertical Gandia, que tendr\u00e1 lugar el pr\u00f3ximo 12 de enero. El evento incluir\u00e1 dos carreras y una marcha a pie por la monta\u00f1a, con salida desde el \u00faltimo tramo del paseo German\u00edas a las 8:45 horas y meta en la cima del Mond\u00faver.<\/p>\n\n\n\n<p>La edici\u00f3n de este a\u00f1o mantiene la media marat\u00f3n, que propone a los corredores un recorrido de 22,25 kil\u00f3metros con un desnivel positivo de 1.275 metros y nuevos tramos. Tambi\u00e9n se celebrar\u00e1 la tradicional prueba del KM vertical, de 12,7 kil\u00f3metros y 1.016 metros de desnivel positivo, adem\u00e1s de la marcha para caminantes con las mismas caracter\u00edsticas.<\/p>\n\n\n\n<p>En cuanto a los premios, se reconocer\u00e1 a los tres primeros clasificados en cada modalidad y categor\u00eda, as\u00ed como a los tres primeros corredores absolutos de Gandia, Barx y Xeresa. Las inscripciones se dividen en dos plazos: hasta el 2 de enero, los precios son de 18 euros para el KM vertical y 21 euros para la media marat\u00f3n; a partir de esa fecha, los precios suben a 20 y 23 euros, respectivamente. Las inscripciones pueden realizarse en <a href=\"http:\/\/www.crono4sports.es\">www.crono4sports.es<\/a> o en la tienda Tramunana (calle Vallier, 3).<\/p>\n\n\n\n<p>Los participantes dispondr\u00e1n de guardarropa en la salida y de zonas de avituallamiento a lo largo del recorrido. Las salidas se organizar\u00e1n en diferentes grupos seg\u00fan tiempos para corredores y caminantes.<\/p>\n\n\n\n<p>La recogida de dorsales tendr\u00e1 lugar en el Centro Comercial Plaza Mayor Gandia el viernes 10 de enero, de 16:30 a 21:00 horas, y el s\u00e1bado 11, de 10:00 a 14:00 horas y de 16:00 a 21:00 horas. El mismo d\u00eda de la prueba, los dorsales podr\u00e1n recogerse a partir de las 6:30 horas y hasta 30 minutos antes del inicio de la carrera. Un a\u00f1o m\u00e1s, el evento colabora con la Fundaci\u00f3n In mediante el euro solidario.<\/p>\n\n\n\n<p>Naveiro agradeci\u00f3 la labor del Club Alp\u00ed Gandia, as\u00ed como el trabajo de los voluntarios, la Polic\u00eda Local, Protecci\u00f3n Civil, Guardia Civil y Guardia Rural. \u201c<strong><em>Es una prueba consolidada, una de las primeras carreras del a\u00f1o, con el atractivo de desarrollarse en plena naturaleza\u201d,<\/em><\/strong> destac\u00f3.<\/p>\n\n\n\n<p>Por su parte, Miguel Cebri\u00e1n estim\u00f3 una participaci\u00f3n cercana a las 1.000 personas entre las tres modalidades. Sobre la media marat\u00f3n, explic\u00f3 que es una prueba <strong><em>\u201cmuy t\u00e9cnica, y a primera hora, si hay humedad, puede haber resbalones; por ello, hemos colocado 22 personas en los puntos m\u00e1s complicados del recorrido\u201d.<\/em><\/strong><\/p>\n","protected":false},"excerpt":{"rendered":"<p>Gandia, 19 de diciembre de 2024.- El regidor delegado de Deportes, Jes\u00fas Naveiro, junto al presidente del Club Alp\u00ed Gandia, Miguel Cebri\u00e1n, present\u00f3 esta ma\u00f1ana la XXIII edici\u00f3n del KM Vertical Gandia, que tendr\u00e1 lugar el pr\u00f3ximo 12 de enero. El evento incluir\u00e1 dos carreras y una marcha a pie por la monta\u00f1a, con salida&#8230;<\/p>\n","protected":false},"author":1,"featured_media":5290,"comment_status":"open","ping_status":"open","sticky":false,"template":"","format":"standard","meta":{"footnotes":""},"categories":[1],"tags":[],"class_list":["post-5294","post","type-post","status-publish","format-standard","has-post-thumbnail","hentry","category-actualidad"],"_links":{"self":[{"href":"https:\/\/infogandia.es\/index.php\/wp-json\/wp\/v2\/posts\/5294","targetHints":{"allow":["GET"]}}],"collection":[{"href":"https:\/\/infogandia.es\/index.php\/wp-json\/wp\/v2\/posts"}],"about":[{"href":"https:\/\/infogandia.es\/index.php\/wp-json\/wp\/v2\/types\/post"}],"author":[{"embeddable":true,"href":"https:\/\/infogandia.es\/index.php\/wp-json\/wp\/v2\/users\/1"}],"replies":[{"embeddable":true,"href":"https:\/\/infogandia.es\/index.php\/wp-json\/wp\/v2\/comments?post=5294"}],"version-history":[{"count":1,"href":"https:\/\/infogandia.es\/index.php\/wp-json\/wp\/v2\/posts\/5294\/revisions"}],"predecessor-version":[{"id":5295,"href":"https:\/\/infogandia.es\/index.php\/wp-json\/wp\/v2\/posts\/5294\/revisions\/5295"}],"wp:featuredmedia":[{"embeddable":true,"href":"https:\/\/infogandia.es\/index.php\/wp-json\/wp\/v2\/media\/5290"}],"wp:attachment":[{"href":"https:\/\/infogandia.es\/index.php\/wp-json\/wp\/v2\/media?parent=5294"}],"wp:term":[{"taxonomy":"category","embeddable":true,"href":"https:\/\/infogandia.es\/index.php\/wp-json\/wp\/v2\/categories?post=5294"},{"taxonomy":"post_tag","embeddable":true,"href":"https:\/\/infogandia.es\/index.php\/wp-json\/wp\/v2\/tags?post=5294"}],"curies":[{"name":"wp","href":"https:\/\/api.w.org\/{rel}","templated":true}]}}