{"id":5322,"date":"2024-12-29T16:10:21","date_gmt":"2024-12-29T16:10:21","guid":{"rendered":"https:\/\/infogandia.es\/?p=5322"},"modified":"2025-01-07T10:54:57","modified_gmt":"2025-01-07T10:54:57","slug":"los-antiguos-juzgados-de-gandia-se-destinaran-a-la-ampliacion-de-la-comisaria-de-la-policia-nacional","status":"publish","type":"post","link":"https:\/\/infogandia.es\/index.php\/2024\/12\/29\/los-antiguos-juzgados-de-gandia-se-destinaran-a-la-ampliacion-de-la-comisaria-de-la-policia-nacional\/","title":{"rendered":"Los antiguos juzgados de Gandia se destinar\u00e1n a la ampliaci\u00f3n de la Comisar\u00eda de la Polic\u00eda Nacional"},"content":{"rendered":"\n<p>El alcalde de Gandia, Jos\u00e9 Manuel Prieto, acompa\u00f1ado por la directora general de Urbanismo, Maite Alonso, se reuni\u00f3 esta ma\u00f1ana en Val\u00e8ncia con la consellera de Justicia y Administraci\u00f3n P\u00fablica, Nuria Mart\u00ednez, para tratar temas de inter\u00e9s para la ciudad.<\/p>\n\n\n\n<p>Uno de los puntos destacados del encuentro fue el futuro uso del edificio de los antiguos juzgados. Ante la inminente puesta en marcha del nuevo Palacio de Justicia, Prieto propuso un acuerdo entre el Ayuntamiento, la Conselleria de Justicia y el Ministerio del Interior para utilizar estas instalaciones en la ampliaci\u00f3n de la Comisar\u00eda de la Polic\u00eda Nacional. Este proyecto permitir\u00eda mejorar las condiciones laborales de los agentes y optimizar los servicios prestados a la ciudadan\u00eda.<\/p>\n\n\n\n<p>Asimismo, el alcalde se\u00f1al\u00f3 la importancia de seguir dotando al distrito de Ro\u00eds de Corella de servicios que beneficien a sus habitantes y fortalezcan la estructura urbana de la zona.<\/p>\n\n\n\n<p>El nuevo Palacio de Justicia, ubicado en el barrio de Santa Anna, est\u00e1 previsto que entre en funcionamiento a principios de 2025. Este proyecto, desarrollado dentro del Plan de Infraestructuras Judiciales de la Comunitat Valenciana, ha supuesto una inversi\u00f3n de 21,7 millones de euros y representa una de las principales apuestas de la Generalitat por la modernizaci\u00f3n de los servicios judiciales.<\/p>\n\n\n\n<p>La nueva sede, que cuenta con 16.500 metros cuadrados distribuidos en cinco plantas, albergar\u00e1 11 \u00f3rganos judiciales y una amplia gama de servicios especializados. Entre ellos se encuentran un Gabinete Psicosocial con c\u00e1mara Gesell, la Cl\u00ednica M\u00e9dico Forense, una Unidad de Valoraci\u00f3n Forense Integral y la Oficina de Atenci\u00f3n a las V\u00edctimas del Delito.<\/p>\n\n\n\n<p>Este moderno edificio no solo mejorar\u00e1 los servicios judiciales, sino que tambi\u00e9n contribuir\u00e1 a dinamizar el comercio local y generar nuevas oportunidades en el barrio de Santa Anna.<\/p>\n\n\n\n<p>El alcalde subray\u00f3 la importancia de la cooperaci\u00f3n entre las distintas administraciones p\u00fablicas para llevar a cabo proyectos estrat\u00e9gicos como estos. <strong><em>&#8220;Estamos trabajando para dar buenas noticias a la ciudadan\u00eda a inicios de 2025, fruto del esfuerzo conjunto entre el Ayuntamiento de Gandia, la Generalitat y el Ministerio del Interior&#8221;<\/em><\/strong>, concluy\u00f3 Prieto.<\/p>\n\n\n\n<p><\/p>\n\n\n\n<figure class=\"wp-block-image size-full\"><img fetchpriority=\"high\" decoding=\"async\" width=\"1000\" height=\"250\" src=\"http:\/\/infogandia.es\/wp-content\/uploads\/2024\/12\/PRODUCTO_1000x250px.gif\" alt=\"\" class=\"wp-image-5349\"\/><\/figure>\n","protected":false},"excerpt":{"rendered":"<p>El alcalde de Gandia, Jos\u00e9 Manuel Prieto, acompa\u00f1ado por la directora general de Urbanismo, Maite Alonso, se reuni\u00f3 esta ma\u00f1ana en Val\u00e8ncia con la consellera de Justicia y Administraci\u00f3n P\u00fablica, Nuria Mart\u00ednez, para tratar temas de inter\u00e9s para la ciudad. Uno de los puntos destacados del encuentro fue el futuro uso del edificio de los&#8230;<\/p>\n","protected":false},"author":1,"featured_media":5323,"comment_status":"open","ping_status":"open","sticky":false,"template":"","format":"standard","meta":{"footnotes":""},"categories":[1],"tags":[],"class_list":["post-5322","post","type-post","status-publish","format-standard","has-post-thumbnail","hentry","category-actualidad"],"_links":{"self":[{"href":"https:\/\/infogandia.es\/index.php\/wp-json\/wp\/v2\/posts\/5322","targetHints":{"allow":["GET"]}}],"collection":[{"href":"https:\/\/infogandia.es\/index.php\/wp-json\/wp\/v2\/posts"}],"about":[{"href":"https:\/\/infogandia.es\/index.php\/wp-json\/wp\/v2\/types\/post"}],"author":[{"embeddable":true,"href":"https:\/\/infogandia.es\/index.php\/wp-json\/wp\/v2\/users\/1"}],"replies":[{"embeddable":true,"href":"https:\/\/infogandia.es\/index.php\/wp-json\/wp\/v2\/comments?post=5322"}],"version-history":[{"count":2,"href":"https:\/\/infogandia.es\/index.php\/wp-json\/wp\/v2\/posts\/5322\/revisions"}],"predecessor-version":[{"id":5350,"href":"https:\/\/infogandia.es\/index.php\/wp-json\/wp\/v2\/posts\/5322\/revisions\/5350"}],"wp:featuredmedia":[{"embeddable":true,"href":"https:\/\/infogandia.es\/index.php\/wp-json\/wp\/v2\/media\/5323"}],"wp:attachment":[{"href":"https:\/\/infogandia.es\/index.php\/wp-json\/wp\/v2\/media?parent=5322"}],"wp:term":[{"taxonomy":"category","embeddable":true,"href":"https:\/\/infogandia.es\/index.php\/wp-json\/wp\/v2\/categories?post=5322"},{"taxonomy":"post_tag","embeddable":true,"href":"https:\/\/infogandia.es\/index.php\/wp-json\/wp\/v2\/tags?post=5322"}],"curies":[{"name":"wp","href":"https:\/\/api.w.org\/{rel}","templated":true}]}}