{"id":5327,"date":"2024-12-29T16:21:42","date_gmt":"2024-12-29T16:21:42","guid":{"rendered":"https:\/\/infogandia.es\/?p=5327"},"modified":"2024-12-29T16:21:46","modified_gmt":"2024-12-29T16:21:46","slug":"la-diputacio-destina-medio-millon-de-euros-a-114-municipios-de-la-provincia-para-la-celebracion-de-ferias-y-mercados-navidenos","status":"publish","type":"post","link":"https:\/\/infogandia.es\/index.php\/2024\/12\/29\/la-diputacio-destina-medio-millon-de-euros-a-114-municipios-de-la-provincia-para-la-celebracion-de-ferias-y-mercados-navidenos\/","title":{"rendered":"La Diputaci\u00f3 destina medio mill\u00f3n de euros a 114 municipios de la provincia para la celebraci\u00f3n de ferias y mercados navide\u00f1os\u00a0"},"content":{"rendered":"\n<p>La Diputaci\u00f3 de Val\u00e8ncia, a trav\u00e9s del \u00e1rea de Turismo que dirige Pedro Cuesta, ha destinado este a\u00f1o un total de 445.000 euros a 114 municipios de la provincia de menos de 30.000 habitantes para la celebraci\u00f3n de ferias y mercados navide\u00f1os, tur\u00edsticos y gastron\u00f3micos. Se trata de una medida m\u00e1s dentro de la prioridad fijada por la Diputaci\u00f3n de impulsar el turismo en las zonas menos pobladas de la provincia de Valencia.<\/p>\n\n\n\n<p>Las subvenciones, cuya distribuci\u00f3n entre las diferentes localidades se recoge en el Bolet\u00edn Oficial de la Provincia (BOP) del 24 de diciembre, tambi\u00e9n cubren la edici\u00f3n de material tur\u00edstico promocional de los municipios beneficiarios. El presidente de la Diputaci\u00f3 de Val\u00e8ncia, Vicent Momp\u00f3, ha resaltado que \u201cpara nuestra instituci\u00f3n es muy importante que todos los municipios tengan la posibilidad, en estas fechas, de ofrecer actividades para todos los p\u00fablicos, especialmente para los m\u00e1s peque\u00f1os que son los que viven esta \u00e9poca con especial ilusi\u00f3n\u201d.<\/p>\n\n\n\n<p>Entre las actuaciones de los ayuntamientos subvencionadas se encuentran gastos corrientes derivados de la organizaci\u00f3n, promoci\u00f3n y desarrollo de ferias y\/o mercados; la confecci\u00f3n y edici\u00f3n de folletos, gu\u00edas y cat\u00e1logos tur\u00edsticos, y material de la oferta tur\u00edstica del municipio (tanto en formato digital como en papel); y el material promocional <em>(merchandising)<\/em> de distribuci\u00f3n gratuita en ambos supuestos, dirigidos a aumentar la visibilidad de los destinos tur\u00edsticos municipales y la atracci\u00f3n del turismo.<\/p>\n\n\n\n<p>Seg\u00fan el diputado de Turismo, Pedro Cuesta, el objetivo de esta iniciativa es \u201cfinanciar la organizaci\u00f3n y difusi\u00f3n de este tipo de eventos, que dinamizan tur\u00edstica y econ\u00f3micamente los municipios en el \u00faltimo trimestre del a\u00f1o, junto con el resto de subvenciones anuales que destinamos a la promoci\u00f3n y desarrollo del turismo en la provincia\u201d.<\/p>\n\n\n\n<p><strong>Beneficiarios por comarcas<\/strong><\/p>\n\n\n\n<p>En total han sido 114 los municipios beneficiarios de esta subvenci\u00f3n. De la comarca de la Vall d\u2019Albaida, recibir\u00e1n la ayuda Benissoda, Guadass\u00e8quies. Montaverner, Bufali, Quatretonda, Llutxent, Benicolet, Palomar, Bocairent, Benig\u00e1nim, Bell\u00fas, Alfarras\u00ed, l\u2019Olleria, Agullent, Albaida, La Pobla del Duc, Pinet, Salem y Atzeneta d\u2019Albaida. Tambi\u00e9n se han visto beneficiados Vallada, Llanera de Ranes, La Granja de la Costera, Vall\u00e9s, Barxeta y La Font de la Figuera, en la comarca de La Costera; y Navarr\u00e9s, Anna, Enguera, Bicorp y Millares en la de la Canal de Navarr\u00e9s.<\/p>\n\n\n\n<p>En la Ribera Alta los ayuntamientos de Tous, Sumac\u00e0rcer, Beneixida, Alfarp, l\u2019Alc\u00fadia, Alc\u00e0ntera de X\u00faquer, C\u00e1rcer, Llombai, Real, Guadassuar y Catadau podr\u00e1n contar con esta ayuda para montar sus mercados, igual que Sueca y Fortaleny en la Ribera Baja; Benet\u00fasser, Alc\u00e0sser y Albal en Horta Sud; y Rocafort, Pu\u00e7ol, Alboraya, Meliana, Alm\u00e0ssera y Rafelbunyol en Horta Nord.<\/p>\n\n\n\n<p>Las localidades de la Serran\u00eda beneficiarias son Titaguas, Alpuente, Calles, Andilla, Chulilla, Benag\u00e9ber, Villar del Arzobispo, Alcublas, Bugarra, Higueruelas, Aras de los Olmos y Gestalgar. Asimismo, las del Rinc\u00f3n de Ademuz son Ademuz, Casas Bajas, Castielfabib y Torrebaja; mientras que las del Valle de Ayora-Cofrentes son Zarra, Ayora, Jarafuel, Jalance y Teresa de Cofrentes.<\/p>\n\n\n\n<p>En la Safor las ayudas se distribuyen entre los municipios de R\u00f2tova, Palmera, Villalonga, Alfauir, Barx, Miramar, Daim\u00fas, Potr\u00edes, Xeraco, Piles, Tavernes de la Valldigna, Simat de la Valldigna y La Font d\u2019En Carr\u00f2s; mientras que en La Plana de Utiel-Requena se reparten entre Villargordo del Cabriel, Venta del Moro, Chera y Utiel.; y en la Hoya de Bu\u00f1ol entre Dos Aguas, Y\u00e1tova, Godelleta y Cheste.<\/p>\n\n\n\n<p>Por \u00faltimo, en Camp de T\u00faria reciben la subvenci\u00f3n N\u00e1quera, l\u2019Eliana, B\u00e9tera, Vilamarxant, San Antonio de Benag\u00e9ber, Olocau, Casinos, La Pobla de Vallbona, G\u00e1tova, Riba-roja de T\u00faria, Serra y Benaguasil; mientras que en Camp de Morvedre la reciben Torres Torres, Benifair\u00f3 de les Valls, Faura, Benavites, Quartell, Canet d\u2019en Berenguer, Algar de Pal\u00e0ncia y Alfara de la Baronia.<\/p>\n","protected":false},"excerpt":{"rendered":"<p>La Diputaci\u00f3 de Val\u00e8ncia, a trav\u00e9s del \u00e1rea de Turismo que dirige Pedro Cuesta, ha destinado este a\u00f1o un total de 445.000 euros a 114 municipios de la provincia de menos de 30.000 habitantes para la celebraci\u00f3n de ferias y mercados navide\u00f1os, tur\u00edsticos y gastron\u00f3micos. Se trata de una medida m\u00e1s dentro de la prioridad&#8230;<\/p>\n","protected":false},"author":1,"featured_media":5328,"comment_status":"open","ping_status":"open","sticky":false,"template":"","format":"standard","meta":{"footnotes":""},"categories":[1,27],"tags":[],"class_list":["post-5327","post","type-post","status-publish","format-standard","has-post-thumbnail","hentry","category-actualidad","category-sociedad"],"_links":{"self":[{"href":"https:\/\/infogandia.es\/index.php\/wp-json\/wp\/v2\/posts\/5327","targetHints":{"allow":["GET"]}}],"collection":[{"href":"https:\/\/infogandia.es\/index.php\/wp-json\/wp\/v2\/posts"}],"about":[{"href":"https:\/\/infogandia.es\/index.php\/wp-json\/wp\/v2\/types\/post"}],"author":[{"embeddable":true,"href":"https:\/\/infogandia.es\/index.php\/wp-json\/wp\/v2\/users\/1"}],"replies":[{"embeddable":true,"href":"https:\/\/infogandia.es\/index.php\/wp-json\/wp\/v2\/comments?post=5327"}],"version-history":[{"count":1,"href":"https:\/\/infogandia.es\/index.php\/wp-json\/wp\/v2\/posts\/5327\/revisions"}],"predecessor-version":[{"id":5329,"href":"https:\/\/infogandia.es\/index.php\/wp-json\/wp\/v2\/posts\/5327\/revisions\/5329"}],"wp:featuredmedia":[{"embeddable":true,"href":"https:\/\/infogandia.es\/index.php\/wp-json\/wp\/v2\/media\/5328"}],"wp:attachment":[{"href":"https:\/\/infogandia.es\/index.php\/wp-json\/wp\/v2\/media?parent=5327"}],"wp:term":[{"taxonomy":"category","embeddable":true,"href":"https:\/\/infogandia.es\/index.php\/wp-json\/wp\/v2\/categories?post=5327"},{"taxonomy":"post_tag","embeddable":true,"href":"https:\/\/infogandia.es\/index.php\/wp-json\/wp\/v2\/tags?post=5327"}],"curies":[{"name":"wp","href":"https:\/\/api.w.org\/{rel}","templated":true}]}}