{"id":5330,"date":"2024-12-29T16:23:01","date_gmt":"2024-12-29T16:23:01","guid":{"rendered":"https:\/\/infogandia.es\/?p=5330"},"modified":"2024-12-29T16:23:01","modified_gmt":"2024-12-29T16:23:01","slug":"el-escalante-descubrira-los-lugares-mas-curiosos-del-mundo-y-la-magia-de-los-colores-este-enero","status":"publish","type":"post","link":"https:\/\/infogandia.es\/index.php\/2024\/12\/29\/el-escalante-descubrira-los-lugares-mas-curiosos-del-mundo-y-la-magia-de-los-colores-este-enero\/","title":{"rendered":"El Escalante descubrir\u00e1 los lugares m\u00e1s curiosos del mundo y la magia de los colores este enero"},"content":{"rendered":"\n<p>El Escalante, proyecto teatral de la Diputaci\u00f3 de Val\u00e8ncia, pondr\u00e1 en escena siete espect\u00e1culos durante este mes de enero para llevar a beb\u00e9s, ni\u00f1os y ni\u00f1as, j\u00f3venes y adultos a descubrir los lugares m\u00e1s curiosos del mundo, la magia de los colores, c\u00f3mo es en realidad la \u201cgeneraci\u00f3n de cristal\u201d o el aprecio a las personas mayores. Una amplia propuesta esc\u00e9nica para comenzar el a\u00f1o desde el patio de butacas del Teatre Principal y Ribes Espai Cultural.\u00a0<\/p>\n\n\n\n<p>La diputada de Juventud y Teatros, Roc\u00edo Gil, ha destacado el \u00e9xito que est\u00e1 teniendo \u2018Un Nadal de circ amb Escalante\u2019 durante estas fiestas, un espect\u00e1culo con el que las familias \u201cest\u00e1n descubriendo la belleza de las artes esc\u00e9nicas en su m\u00e1ximo exponente\u201d. \u201cQueremos que contin\u00faen acompa\u00f1\u00e1ndonos durante los pr\u00f3ximos fines de semana y a lo largo de la temporada con propuestas para todos los gustos y p\u00fablicos\u201d, ha a\u00f1adido.&nbsp;<\/p>\n\n\n\n<p><strong>Siete espect\u00e1culos para toda la familia<\/strong><\/p>\n\n\n\n<p>El teatro de la Diputaci\u00f3 de Val\u00e8ncia despedir\u00e1 el exitoso \u2018Un Nadal de circ amb Escalante\u2019 de LA FAM el 4 de enero en el Teatre Principal y, para retomar el curso, la compa\u00f1\u00eda La Negra tomar\u00e1 el relevo con funciones escolares y familiares en ingl\u00e9s y valenciano de \u2018L\u2019arbre del Tener\u00e9\u2019, con una funci\u00f3n \u00fanica en valenciano para p\u00fablico general el 11 de enero a las 18:00 horas.<\/p>\n\n\n\n<p>Adem\u00e1s, llevar\u00e1 a Ribes Espai Cultural \u2018Closka\u2019, una propuesta de PanicMap que fusiona teatro visual y de objetos, danza, artes pl\u00e1sticas y digitales y m\u00fasica para descubrir los lugares m\u00e1s curiosos del planeta. Habr\u00e1 pases generales el 11 de enero a las 17:00 horas y el d\u00eda 12 a las 11:30 horas.&nbsp;<\/p>\n\n\n\n<p>Tambi\u00e9n en la nave del Parc Central se podr\u00e1 disfrutar del espect\u00e1culo de t\u00edteres \u2018Gori-gori\u2019. El 18 a las 17:00 horas y el 19 a las 11:30 horas, El ball de Sant Vito pone en escena esta propuesta sobre el aprecio a las personas mayores con m\u00fasica en directo y un original teatrito giratorio. Una propuesta que estaba prevista para el mes de noviembre y que se ha reprogramado para estas fechas por las consecuencias de la dana. Esa misma semana, adem\u00e1s, llevar\u00e1 al Teatre El Musical (TEM) dos funciones para la comunidad educativa de \u2018Hacia Pr\u00f3digo\u2019 de Eva Mir, que recupera la par\u00e1bola b\u00edblica para adaptarla al mundo contempor\u00e1neo.<\/p>\n\n\n\n<p>Para la primera infancia, adem\u00e1s de \u2018Closka\u2019, El Escalante propone en Ribes \u2018Colors\u2019 una instalaci\u00f3n audiovisual que invitar\u00e1 a los m\u00e1s peque\u00f1os a experimentar con los colores de la mano de la compa\u00f1\u00eda L\u2019aut\u00e8ntica. Los pases de familias est\u00e1n previstos para el 25 a las 17:00 y el 26 a las 11:30 horas.&nbsp;<\/p>\n\n\n\n<p>El teatro de la Diputaci\u00f3 de Val\u00e8ncia culminar\u00e1 el mes con \u2018Princeses, cavallers i dracs. El dia que deix\u00e0rem de ser xiquets\u2019. La producci\u00f3n del Escalante creada por Bramant Teatre ha sido galardonada como Mejor Espect\u00e1culo para Ni\u00f1os y Ni\u00f1as de los Premis de les Arts Esc\u00e8niques Valencianes del Institut Valenci\u00e0 de Cultura (IVC) de 2024 y, tras el \u00e9xito de la anterior temporada, se reencuentra con el p\u00fablico una vez m\u00e1s de la mano del Escalante.&nbsp;<\/p>\n\n\n\n<p>El equipo art\u00edstico de Bramant Teatre acercar\u00e1 a los espectadores a la mal llamada \u201cgeneraci\u00f3n de cristal\u201d para desvelar sus inquietudes, retos y preocupaciones a trav\u00e9s de una excursi\u00f3n escolar donde habr\u00e1 que resolver un incidente. Entre los pases para institutos, que comienzan el 28 de enero, habr\u00e1 dos funciones generales el 1 de febrero a las 18:00 horas y el 2 a las 12:00 horas en Ribes Espai Cultural.&nbsp;<\/p>\n\n\n\n<p>Las entradas de todos los espect\u00e1culos de la temporada 24-25 del Escalante pueden adquirirse en la web <a href=\"https:\/\/escalantecentreteatral.dival.es\/\">https:\/\/escalantecentreteatral.dival.es\/<\/a>&nbsp; y en taquilla antes de cada representaci\u00f3n.&nbsp;<\/p>\n","protected":false},"excerpt":{"rendered":"<p>El Escalante, proyecto teatral de la Diputaci\u00f3 de Val\u00e8ncia, pondr\u00e1 en escena siete espect\u00e1culos durante este mes de enero para llevar a beb\u00e9s, ni\u00f1os y ni\u00f1as, j\u00f3venes y adultos a descubrir los lugares m\u00e1s curiosos del mundo, la magia de los colores, c\u00f3mo es en realidad la \u201cgeneraci\u00f3n de cristal\u201d o el aprecio a las&#8230;<\/p>\n","protected":false},"author":1,"featured_media":5331,"comment_status":"open","ping_status":"open","sticky":false,"template":"","format":"standard","meta":{"footnotes":""},"categories":[1,27],"tags":[],"class_list":["post-5330","post","type-post","status-publish","format-standard","has-post-thumbnail","hentry","category-actualidad","category-sociedad"],"_links":{"self":[{"href":"https:\/\/infogandia.es\/index.php\/wp-json\/wp\/v2\/posts\/5330","targetHints":{"allow":["GET"]}}],"collection":[{"href":"https:\/\/infogandia.es\/index.php\/wp-json\/wp\/v2\/posts"}],"about":[{"href":"https:\/\/infogandia.es\/index.php\/wp-json\/wp\/v2\/types\/post"}],"author":[{"embeddable":true,"href":"https:\/\/infogandia.es\/index.php\/wp-json\/wp\/v2\/users\/1"}],"replies":[{"embeddable":true,"href":"https:\/\/infogandia.es\/index.php\/wp-json\/wp\/v2\/comments?post=5330"}],"version-history":[{"count":1,"href":"https:\/\/infogandia.es\/index.php\/wp-json\/wp\/v2\/posts\/5330\/revisions"}],"predecessor-version":[{"id":5332,"href":"https:\/\/infogandia.es\/index.php\/wp-json\/wp\/v2\/posts\/5330\/revisions\/5332"}],"wp:featuredmedia":[{"embeddable":true,"href":"https:\/\/infogandia.es\/index.php\/wp-json\/wp\/v2\/media\/5331"}],"wp:attachment":[{"href":"https:\/\/infogandia.es\/index.php\/wp-json\/wp\/v2\/media?parent=5330"}],"wp:term":[{"taxonomy":"category","embeddable":true,"href":"https:\/\/infogandia.es\/index.php\/wp-json\/wp\/v2\/categories?post=5330"},{"taxonomy":"post_tag","embeddable":true,"href":"https:\/\/infogandia.es\/index.php\/wp-json\/wp\/v2\/tags?post=5330"}],"curies":[{"name":"wp","href":"https:\/\/api.w.org\/{rel}","templated":true}]}}