{"id":5340,"date":"2024-12-29T16:26:40","date_gmt":"2024-12-29T16:26:40","guid":{"rendered":"https:\/\/infogandia.es\/?p=5340"},"modified":"2024-12-29T16:29:39","modified_gmt":"2024-12-29T16:29:39","slug":"la-diputacio-de-valencia-ayuda-a-favara-a-habilitar-el-aula-de-dos-a-tres-anos-en-el-colegio-felix-olmos","status":"publish","type":"post","link":"https:\/\/infogandia.es\/index.php\/2024\/12\/29\/la-diputacio-de-valencia-ayuda-a-favara-a-habilitar-el-aula-de-dos-a-tres-anos-en-el-colegio-felix-olmos\/","title":{"rendered":"La Diputaci\u00f3 de Val\u00e8ncia ayuda a Favara a habilitar el aula de dos a tres a\u00f1os en el colegio F\u00e9lix Olmos"},"content":{"rendered":"\n<p>La Diputaci\u00f3 de Val\u00e8ncia ayudar\u00e1 a Favara a acondicionar un aula para ni\u00f1os y ni\u00f1as de dos a tres a\u00f1os en el colegio p\u00fablico F\u00e9lix Olmos. Los trabajos de construcci\u00f3n y habilitaci\u00f3n de espacios para crear un entorno seguro destinado a la educaci\u00f3n infantil contar\u00e1n con una ayuda nominativa de 47.800 euros, incluida en las subvenciones provinciales del ejercicio de 2024 y articulada desde el \u00e1rea de Cooperaci\u00f3n Municipal.<\/p>\n\n\n\n<p>El presidente de la Diputaci\u00f3 de Val\u00e8ncia, Vicent Momp\u00f3, se reuni\u00f3 con la alcaldesa del municipio de la Ribera Baixa, Mar\u00eda Pilar Sala, para conocer de primera mano las necesidades municipales. \u201cTratamos de dar respuesta a las demandas de nuestros pueblos, especialmente de los m\u00e1s peque\u00f1os como Favara porque son los m\u00e1s vulnerables\u201d, asegura, al tiempo que pone de relieve \u201cla importancia de la colaboraci\u00f3n continua con los alcaldes y alcaldesas para conocer la realidad de sus municipios y trabajar para mejorarla\u201d.&nbsp;<\/p>\n\n\n\n<p>Adem\u00e1s, concreta el presidente, \u201ctener un aula de dos a tres a\u00f1os es un servicio fundamental para la conciliaci\u00f3n de las familias y para el bienestar y desarrollo de los m\u00e1s peque\u00f1os\u201d. \u201cEs una infraestructura que contribuye a la calidad de vida de la ciudadan\u00eda y que con las mejoras que se van a realizar lo har\u00e1 adem\u00e1s de una manera m\u00e1s eficiente, sostenible y segura\u201d, argumenta.<\/p>\n\n\n\n<p>En la misma l\u00ednea, la vicepresidenta primera y responsable de Cooperaci\u00f3n, Nat\u00e0lia Enguix, se\u00f1ala que la corporaci\u00f3n \u201cest\u00e1 muy implicada en todas las actuaciones que tienen un car\u00e1cter educativo, ya sea a trav\u00e9s de infraestructuras y servicios como es el caso de Favara, o a trav\u00e9s de formaci\u00f3n y transmisi\u00f3n de conocimiento en \u00e1mbitos como la igualdad, la memoria democr\u00e1tica o la solidaridad y la cooperaci\u00f3n al desarrollo\u201d. \u201cCon estas ayudas nominativas, podemos completar las actuaciones que los municipios llevan a cabo en el gran programa inversor de la Diputaci\u00f3n, que es el Pla Obert\u201d, ha apuntado Enguix.<\/p>\n\n\n\n<p>El Ayuntamiento de Favara intervendr\u00e1 en un aula y un aseo existentes en el colegio para adaptarlos a las necesidades de los m\u00e1s peque\u00f1os. En las obras se prestar\u00e1 especial atenci\u00f3n a la seguridad en caso de incendio, con recorridos de evacuaci\u00f3n, la accesibilidad y la eficiencia energ\u00e9tica. \u201cEn estos trabajos siempre tenemos en cuenta que adem\u00e1s de mejorar las infraestructuras se garantice su seguridad y se promueva el desarrollo sostenible\u201d, a\u00f1ade Nat\u00e0lia Enguix.<\/p>\n\n\n\n<p>En este sentido, el uso racional de la energ\u00eda se ver\u00e1 reforzado por la instalaci\u00f3n de un sistema de ventilaci\u00f3n que regule la calidad del aire interior, tanto en el aula como en el aseo, y se implementar\u00e1n medidas de ahorro de agua en las instalaciones. \u201cLas pol\u00edticas de sostenibilidad y reducci\u00f3n del impacto ambiental pueden y deben estar presentes en cada proyecto que nos planteemos desde los municipios\u201d, considera la vicepresidenta de la Diputaci\u00f3n.<\/p>\n\n\n\n<p>La ayuda nominativa que recibe Favara se suma a la asignaci\u00f3n que le corresponde al municipio de la Ribera Baixa en el marco del Pla Obert cuatrienal de la Diputaci\u00f3n, que supera el 1.170.000 euros, 207.000 euros m\u00e1s que la dotaci\u00f3n de los planes de inversiones en la pasada legislatura. A esta cantidad hay que sumar los 240.000 euros que le han correspondido este a\u00f1o de la aportaci\u00f3n provincial al Fondo de Cooperaci\u00f3n en el que la corporaci\u00f3n que preside Vicent Momp\u00f3 participa junto a la Generalitat.<\/p>\n","protected":false},"excerpt":{"rendered":"<p>La Diputaci\u00f3 de Val\u00e8ncia ayudar\u00e1 a Favara a acondicionar un aula para ni\u00f1os y ni\u00f1as de dos a tres a\u00f1os en el colegio p\u00fablico F\u00e9lix Olmos. Los trabajos de construcci\u00f3n y habilitaci\u00f3n de espacios para crear un entorno seguro destinado a la educaci\u00f3n infantil contar\u00e1n con una ayuda nominativa de 47.800 euros, incluida en las&#8230;<\/p>\n","protected":false},"author":1,"featured_media":5335,"comment_status":"open","ping_status":"open","sticky":false,"template":"","format":"standard","meta":{"footnotes":""},"categories":[1,27],"tags":[],"class_list":["post-5340","post","type-post","status-publish","format-standard","has-post-thumbnail","hentry","category-actualidad","category-sociedad"],"_links":{"self":[{"href":"https:\/\/infogandia.es\/index.php\/wp-json\/wp\/v2\/posts\/5340","targetHints":{"allow":["GET"]}}],"collection":[{"href":"https:\/\/infogandia.es\/index.php\/wp-json\/wp\/v2\/posts"}],"about":[{"href":"https:\/\/infogandia.es\/index.php\/wp-json\/wp\/v2\/types\/post"}],"author":[{"embeddable":true,"href":"https:\/\/infogandia.es\/index.php\/wp-json\/wp\/v2\/users\/1"}],"replies":[{"embeddable":true,"href":"https:\/\/infogandia.es\/index.php\/wp-json\/wp\/v2\/comments?post=5340"}],"version-history":[{"count":2,"href":"https:\/\/infogandia.es\/index.php\/wp-json\/wp\/v2\/posts\/5340\/revisions"}],"predecessor-version":[{"id":5343,"href":"https:\/\/infogandia.es\/index.php\/wp-json\/wp\/v2\/posts\/5340\/revisions\/5343"}],"wp:featuredmedia":[{"embeddable":true,"href":"https:\/\/infogandia.es\/index.php\/wp-json\/wp\/v2\/media\/5335"}],"wp:attachment":[{"href":"https:\/\/infogandia.es\/index.php\/wp-json\/wp\/v2\/media?parent=5340"}],"wp:term":[{"taxonomy":"category","embeddable":true,"href":"https:\/\/infogandia.es\/index.php\/wp-json\/wp\/v2\/categories?post=5340"},{"taxonomy":"post_tag","embeddable":true,"href":"https:\/\/infogandia.es\/index.php\/wp-json\/wp\/v2\/tags?post=5340"}],"curies":[{"name":"wp","href":"https:\/\/api.w.org\/{rel}","templated":true}]}}