{"id":5368,"date":"2025-01-08T17:00:02","date_gmt":"2025-01-08T17:00:02","guid":{"rendered":"https:\/\/infogandia.es\/?p=5368"},"modified":"2025-01-08T17:00:02","modified_gmt":"2025-01-08T17:00:02","slug":"el-porrat-de-beniopa-celebra-su-xviii-edicion-este-fin-de-semana","status":"publish","type":"post","link":"https:\/\/infogandia.es\/index.php\/2025\/01\/08\/el-porrat-de-beniopa-celebra-su-xviii-edicion-este-fin-de-semana\/","title":{"rendered":"El Porrat de Beniopa Celebra su XVIII Edici\u00f3n Este Fin de Semana"},"content":{"rendered":"\n<p>El barrio de Beniopa se prepara para acoger la <strong>XVIII edici\u00f3n del Porrat<\/strong>, que se celebrar\u00e1 del <strong>10 al 12 de enero<\/strong> en honor a la festividad de San Antonio. La programaci\u00f3n, presentada hoy por el presidente de la Junta de Distrito de Beniopa, <strong>Jes\u00fas Naveiro<\/strong>, junto a <strong>Joanjo Reig<\/strong>, t\u00e9cnico municipal del \u00e1rea de Pol\u00edtica Festiva del Departamento de Cultura, incluye una amplia variedad de actividades para todos los p\u00fablicos que combinan tradici\u00f3n, cultura, gastronom\u00eda y m\u00fasica en un ambiente festivo y familiar.<\/p>\n\n\n\n<p>\u201cEl Porrat de Beniopa es el primero del a\u00f1o y se ha preparado con mucha ilusi\u00f3n gracias al esfuerzo de numerosas personas y entidades a las que queremos agradecer su implicaci\u00f3n\u201d, se\u00f1al\u00f3 Naveiro. Adem\u00e1s, invit\u00f3 a los ciudadanos y visitantes a participar en este evento, dise\u00f1ado para ofrecer una programaci\u00f3n diversa que incluye actividades musicales, l\u00fadicas, deportivas, culturales y tradicionales.<\/p>\n\n\n\n<p>Por su parte, Reig destac\u00f3 que esta edici\u00f3n celebra 18 a\u00f1os desde la recuperaci\u00f3n del Porrat, reafirmando el car\u00e1cter distintivo de Beniopa como pueblo con identidad propia. \u201cEl Porrat no solo dinamiza la vida del barrio, sino que tambi\u00e9n invita a la gente a conocer Beniopa. Este a\u00f1o, la portada del evento, dise\u00f1ada por Carla Molina, rinde homenaje a los animales y a la tradicional bendici\u00f3n que congrega a cientos de personas el domingo\u201d.<\/p>\n\n\n\n<h4 class=\"wp-block-heading\">Viernes, 10 de enero<\/h4>\n\n\n\n<ul class=\"wp-block-list\">\n<li><strong>17:00 h:<\/strong> Inicio de la feria infantil con atracciones a precio reducido de 2\u202f\u20ac.<\/li>\n\n\n\n<li><strong>21:00 h:<\/strong> Apertura del Barranc de Rock con un concierto de <strong>The Soundcheck<\/strong> y sesi\u00f3n de DJ Carles Rosell\u00f3.<\/li>\n<\/ul>\n\n\n\n<h4 class=\"wp-block-heading\">S\u00e1bado, 11 de enero<\/h4>\n\n\n\n<ul class=\"wp-block-list\">\n<li><strong>09:00 h:<\/strong> Plant\u00e0 de la hoguera de San Antonio en la Plaza del Campanar.<\/li>\n\n\n\n<li><strong>10:00 h:<\/strong> Apertura del Porrat, el Mercado Valenciano, la Muestra de Asociaciones y la feria de atracciones.<\/li>\n\n\n\n<li><strong>12:30 h:<\/strong> Repique de campanas en la Iglesia Santa Mar\u00eda Magdalena.<\/li>\n\n\n\n<li><strong>17:00 h:<\/strong> M\u00fasica tradicional a cargo de la Colla Els Bessons en el Mercado Valenciano.<\/li>\n\n\n\n<li><strong>20:00 h:<\/strong> Reparto de bu\u00f1uelos de calabaza y mistela en la Plaza del Campanar.<\/li>\n\n\n\n<li><strong>20:45 h:<\/strong> Crem\u00e0 de la Revetla (hoguera) de San Antonio.<\/li>\n\n\n\n<li><strong>21:00 h:<\/strong> Actuaci\u00f3n del grupo <strong>La Mocha<\/strong> seguida de una discoteca m\u00f3vil con Ortol\u00e0 Show.<\/li>\n<\/ul>\n\n\n\n<h4 class=\"wp-block-heading\">Domingo, 12 de enero<\/h4>\n\n\n\n<ul class=\"wp-block-list\">\n<li><strong>08:45 h:<\/strong> Inicio del <strong>Km Vertical<\/strong>, carrera y marcha de monta\u00f1a organizada por el Club Alp\u00ed Gandia.<\/li>\n\n\n\n<li><strong>09:00 h:<\/strong> Exhibici\u00f3n de motos y coches cl\u00e1sicos.<\/li>\n\n\n\n<li><strong>11:45 h:<\/strong> Desfile de caballer\u00edas acompa\u00f1ado por m\u00fasica de la Asociaci\u00f3n de Dol\u00e7ainers i Tabaleters de la Safor-UPG.<\/li>\n\n\n\n<li><strong>12:00 h:<\/strong> Bendici\u00f3n de animales con reparto de pan bendecido y algarrobas en la Plaza del Campanar.<\/li>\n\n\n\n<li><strong>18:00 h:<\/strong> Espect\u00e1culo musical con el grupo <strong>Cant i M\u00e9s<\/strong>.<\/li>\n<\/ul>\n\n\n\n<p>Durante todo el fin de semana, los asistentes podr\u00e1n disfrutar de la <strong>XVIII Muestra de Asociaciones de Beniopa<\/strong>, el Mercado Valenciano con productos artesanales, y una amplia zona de juegos infantiles. Adem\u00e1s, habr\u00e1 animaci\u00f3n itinerante y actuaciones musicales en diferentes puntos del Porrat.<\/p>\n","protected":false},"excerpt":{"rendered":"<p>El barrio de Beniopa se prepara para acoger la XVIII edici\u00f3n del Porrat, que se celebrar\u00e1 del 10 al 12 de enero en honor a la festividad de San Antonio. La programaci\u00f3n, presentada hoy por el presidente de la Junta de Distrito de Beniopa, Jes\u00fas Naveiro, junto a Joanjo Reig, t\u00e9cnico municipal del \u00e1rea de&#8230;<\/p>\n","protected":false},"author":1,"featured_media":5365,"comment_status":"open","ping_status":"open","sticky":false,"template":"","format":"standard","meta":{"footnotes":""},"categories":[1,27],"tags":[],"class_list":["post-5368","post","type-post","status-publish","format-standard","has-post-thumbnail","hentry","category-actualidad","category-sociedad"],"_links":{"self":[{"href":"https:\/\/infogandia.es\/index.php\/wp-json\/wp\/v2\/posts\/5368","targetHints":{"allow":["GET"]}}],"collection":[{"href":"https:\/\/infogandia.es\/index.php\/wp-json\/wp\/v2\/posts"}],"about":[{"href":"https:\/\/infogandia.es\/index.php\/wp-json\/wp\/v2\/types\/post"}],"author":[{"embeddable":true,"href":"https:\/\/infogandia.es\/index.php\/wp-json\/wp\/v2\/users\/1"}],"replies":[{"embeddable":true,"href":"https:\/\/infogandia.es\/index.php\/wp-json\/wp\/v2\/comments?post=5368"}],"version-history":[{"count":1,"href":"https:\/\/infogandia.es\/index.php\/wp-json\/wp\/v2\/posts\/5368\/revisions"}],"predecessor-version":[{"id":5369,"href":"https:\/\/infogandia.es\/index.php\/wp-json\/wp\/v2\/posts\/5368\/revisions\/5369"}],"wp:featuredmedia":[{"embeddable":true,"href":"https:\/\/infogandia.es\/index.php\/wp-json\/wp\/v2\/media\/5365"}],"wp:attachment":[{"href":"https:\/\/infogandia.es\/index.php\/wp-json\/wp\/v2\/media?parent=5368"}],"wp:term":[{"taxonomy":"category","embeddable":true,"href":"https:\/\/infogandia.es\/index.php\/wp-json\/wp\/v2\/categories?post=5368"},{"taxonomy":"post_tag","embeddable":true,"href":"https:\/\/infogandia.es\/index.php\/wp-json\/wp\/v2\/tags?post=5368"}],"curies":[{"name":"wp","href":"https:\/\/api.w.org\/{rel}","templated":true}]}}