{"id":5373,"date":"2025-01-09T10:00:23","date_gmt":"2025-01-09T10:00:23","guid":{"rendered":"https:\/\/infogandia.es\/?p=5373"},"modified":"2025-02-03T10:37:47","modified_gmt":"2025-02-03T10:37:47","slug":"oliva-celebra-el-tradicional-porrat-de-sant-antoni-del-10-al-19-de-enero","status":"publish","type":"post","link":"https:\/\/infogandia.es\/index.php\/2025\/01\/09\/oliva-celebra-el-tradicional-porrat-de-sant-antoni-del-10-al-19-de-enero\/","title":{"rendered":"Oliva Celebra el Tradicional Porrat de Sant Antoni del 10 al 19 de Enero"},"content":{"rendered":"\n<p>La <strong>Regidor\u00eda de Fiestas del Ayuntamiento de Oliva<\/strong>, en colaboraci\u00f3n con los Festers del Carrer de Sant Vicent, organiza los d\u00edas <strong>10, 11 y 12 de enero<\/strong> el tradicional <strong>Porrat de Sant Antoni<\/strong>, una de las festividades m\u00e1s arraigadas de la ciudad y primera cita del calendario de porrats valencianos.<\/p>\n\n\n\n<figure class=\"wp-block-embed is-type-video is-provider-youtube wp-block-embed-youtube wp-embed-aspect-16-9 wp-has-aspect-ratio\"><div class=\"wp-block-embed__wrapper\">\n<iframe title=\"CALDERES DE SANT ANTONI OLIVA 2025\" width=\"640\" height=\"360\" src=\"https:\/\/www.youtube.com\/embed\/uiFS6A1v36k?feature=oembed\" frameborder=\"0\" allow=\"accelerometer; autoplay; clipboard-write; encrypted-media; gyroscope; picture-in-picture; web-share\" referrerpolicy=\"strict-origin-when-cross-origin\" allowfullscreen><\/iframe>\n<\/div><\/figure>\n\n\n\n<p>El porrat de Sant Antoni de Oliva, documentado desde el siglo XVII junto a la iglesia de Sant Roc, marca el inicio de la <strong>Ruta dels Porrats<\/strong> de la Mancomunidad de Municipios de la Safor, que incluye los porrats hist\u00f3ricos de Oliva, Benirredr\u00e0, la Font d&#8217;En Carr\u00f2s, Potries, R\u00f2tova, Tavernes de la Valldigna y l&#8217;Alqueria de la Comtessa.<\/p>\n\n\n\n<p>Uno de los elementos m\u00e1s emblem\u00e1ticos de esta celebraci\u00f3n son las <strong>Calderes de Sant Antoni<\/strong>, recuperadas en 1999 por los Festers del Carrer de Sant Vicent. Estas calderas, cocinadas con le\u00f1a, servir\u00e1n este a\u00f1o <strong>4.500 raciones de arroz caldoso con alubias y nabo<\/strong>, que se podr\u00e1n disfrutar tanto en el tradicional almuerzo popular como para llevar a casa.<\/p>\n\n\n\n<h3 class=\"wp-block-heading\"><strong>Actividades Principales<\/strong><\/h3>\n\n\n\n<p>El Porrat se desarrollar\u00e1 en el barrio del <strong>Raval-Gerreria<\/strong>, entre la plaza de Ganguis y la calle de Sant Vicent, y contar\u00e1 con un amplio programa:<\/p>\n\n\n\n<ul class=\"wp-block-list\">\n<li><strong>Mercado Modernista<\/strong> con m\u00e1s de 50 puestos, figurantes de \u00e9poca, exhibiciones de baile y desfiles de bicicletas antiguas.<\/li>\n\n\n\n<li><strong>Ludoteca y atracciones infantiles<\/strong>, talleres y juegos populares.<\/li>\n\n\n\n<li><strong>Visitas guiadas<\/strong> por los lugares m\u00e1s emblem\u00e1ticos de Oliva.<\/li>\n\n\n\n<li><strong>Fireta gastron\u00f3mica<\/strong> organizada por asociaciones locales, con m\u00fasica en directo.<\/li>\n<\/ul>\n\n\n\n<p>El s\u00e1bado 11 ser\u00e1 el d\u00eda m\u00e1s destacado, con la elaboraci\u00f3n de las Calderes de Sant Antoni, actuaciones musicales y desfiles. El <strong>grupo Simply Rock Lovers<\/strong> actuar\u00e1 en directo a mediod\u00eda, y por la noche, el grupo <strong>Pacific Blue<\/strong> cerrar\u00e1 la jornada con su m\u00fasica.<\/p>\n\n\n\n<h3 class=\"wp-block-heading\"><strong>La Bendici\u00f3n de Animales y M\u00e1s Tradiciones<\/strong><\/h3>\n\n\n\n<p>El domingo 19 de enero se celebrar\u00e1 la tradicional <strong>Bendici\u00f3n de Animales<\/strong>, precedida por una misa en la ermita de Sant Antoni y el reparto de pan bendito. A continuaci\u00f3n, se realizar\u00e1 un recorrido por las calles de la ciudad con los Festers de Sant Vicent y acompa\u00f1amiento musical.<\/p>\n\n\n\n<p>Adem\u00e1s, el viernes 17, d\u00eda de Sant Antoni Abat, habr\u00e1 un peque\u00f1o <strong>porrat en la plaza de Sant Roc<\/strong>, organizado por la Regidor\u00eda de Mercados.<\/p>\n\n\n\n<h3 class=\"wp-block-heading\"><strong>Programa de Actividades<\/strong><\/h3>\n\n\n\n<h4 class=\"wp-block-heading\"><strong>Viernes 10 de Enero<\/strong><\/h4>\n\n\n\n<ul class=\"wp-block-list\">\n<li><strong>17:00 h<\/strong>: Apertura del mercado, talleres y atracciones.<\/li>\n\n\n\n<li><strong>19:00 h<\/strong>: Inauguraci\u00f3n oficial desde el Centro Social de Sant Vicent.<\/li>\n<\/ul>\n\n\n\n<h4 class=\"wp-block-heading\"><strong>S\u00e1bado 11 de Enero<\/strong><\/h4>\n\n\n\n<ul class=\"wp-block-list\">\n<li><strong>8:00 h<\/strong>: Preparaci\u00f3n de las Calderes de Sant Antoni.<\/li>\n\n\n\n<li><strong>12:30 h<\/strong>: M\u00fasica en directo en la plaza de Ganguis.<\/li>\n\n\n\n<li><strong>13:15 h<\/strong>: Reparto de las Calderes.<\/li>\n\n\n\n<li><strong>21:00 h<\/strong>: Concierto del grupo Pacific Blue en la plaza de Ganguis.<\/li>\n<\/ul>\n\n\n\n<h4 class=\"wp-block-heading\"><strong>Domingo 12 de Enero<\/strong><\/h4>\n\n\n\n<ul class=\"wp-block-list\">\n<li><strong>10:00 h<\/strong>: Juegos populares y actividades infantiles en la calle de Sant Vicent.<\/li>\n\n\n\n<li><strong>13:00 h<\/strong>: Desfile de grupos modernistas por el mercado.<\/li>\n<\/ul>\n\n\n\n<h4 class=\"wp-block-heading\"><strong>Domingo 19 de Enero<\/strong><\/h4>\n\n\n\n<ul class=\"wp-block-list\">\n<li><strong>10:00 h<\/strong>: Chocolate y almuerzo popular en la plaza de Ganguis.<\/li>\n\n\n\n<li><strong>12:15 h<\/strong>: Bendici\u00f3n de animales en la calle de Sant Vicent.<\/li>\n<\/ul>\n\n\n\n<p>El <strong>regidor de Fiestas, \u00c1lvaro S\u00e1nchez<\/strong>, invit\u00f3 a vecinos y visitantes a disfrutar de esta festividad: &#8220;Es una oportunidad para conocer nuestras tradiciones, disfrutar del ambiente festivo y degustar el arroz caldoso cocinado con le\u00f1a, ideal para el invierno&#8221;.<\/p>\n\n\n\n<p>Oliva se prepara as\u00ed para dar inicio a las celebraciones del a\u00f1o, recuperando el esp\u00edritu de sus tradiciones y ofreciendo una amplia propuesta cultural, gastron\u00f3mica y de entretenimiento.<\/p>\n","protected":false},"excerpt":{"rendered":"<p>La Regidor\u00eda de Fiestas del Ayuntamiento de Oliva, en colaboraci\u00f3n con los Festers del Carrer de Sant Vicent, organiza los d\u00edas 10, 11 y 12 de enero el tradicional Porrat de Sant Antoni, una de las festividades m\u00e1s arraigadas de la ciudad y primera cita del calendario de porrats valencianos. El porrat de Sant Antoni&#8230;<\/p>\n","protected":false},"author":1,"featured_media":5374,"comment_status":"open","ping_status":"open","sticky":false,"template":"","format":"standard","meta":{"footnotes":""},"categories":[1,27],"tags":[],"class_list":["post-5373","post","type-post","status-publish","format-standard","has-post-thumbnail","hentry","category-actualidad","category-sociedad"],"_links":{"self":[{"href":"https:\/\/infogandia.es\/index.php\/wp-json\/wp\/v2\/posts\/5373","targetHints":{"allow":["GET"]}}],"collection":[{"href":"https:\/\/infogandia.es\/index.php\/wp-json\/wp\/v2\/posts"}],"about":[{"href":"https:\/\/infogandia.es\/index.php\/wp-json\/wp\/v2\/types\/post"}],"author":[{"embeddable":true,"href":"https:\/\/infogandia.es\/index.php\/wp-json\/wp\/v2\/users\/1"}],"replies":[{"embeddable":true,"href":"https:\/\/infogandia.es\/index.php\/wp-json\/wp\/v2\/comments?post=5373"}],"version-history":[{"count":2,"href":"https:\/\/infogandia.es\/index.php\/wp-json\/wp\/v2\/posts\/5373\/revisions"}],"predecessor-version":[{"id":5541,"href":"https:\/\/infogandia.es\/index.php\/wp-json\/wp\/v2\/posts\/5373\/revisions\/5541"}],"wp:featuredmedia":[{"embeddable":true,"href":"https:\/\/infogandia.es\/index.php\/wp-json\/wp\/v2\/media\/5374"}],"wp:attachment":[{"href":"https:\/\/infogandia.es\/index.php\/wp-json\/wp\/v2\/media?parent=5373"}],"wp:term":[{"taxonomy":"category","embeddable":true,"href":"https:\/\/infogandia.es\/index.php\/wp-json\/wp\/v2\/categories?post=5373"},{"taxonomy":"post_tag","embeddable":true,"href":"https:\/\/infogandia.es\/index.php\/wp-json\/wp\/v2\/tags?post=5373"}],"curies":[{"name":"wp","href":"https:\/\/api.w.org\/{rel}","templated":true}]}}