{"id":5379,"date":"2025-01-10T13:28:41","date_gmt":"2025-01-10T13:28:41","guid":{"rendered":"https:\/\/infogandia.es\/?p=5379"},"modified":"2025-01-10T13:28:41","modified_gmt":"2025-01-10T13:28:41","slug":"la-diputacio-de-valencia-incrementa-en-1-000-horas-la-formacion-para-empleados-locales-durante-2024","status":"publish","type":"post","link":"https:\/\/infogandia.es\/index.php\/2025\/01\/10\/la-diputacio-de-valencia-incrementa-en-1-000-horas-la-formacion-para-empleados-locales-durante-2024\/","title":{"rendered":"La Diputaci\u00f3 de Val\u00e8ncia incrementa en 1.000 horas la formaci\u00f3n para empleados locales durante 2024"},"content":{"rendered":"\n<p>La Diputaci\u00f3 de Val\u00e8ncia ha superado las 5.700 horas de formaci\u00f3n impartidas a empleados p\u00fablicos de ayuntamientos, mancomunidades y la propia corporaci\u00f3n provincial durante 2024. Este aumento supone un incremento de 1.000 horas respecto al a\u00f1o anterior, consolidando su compromiso con la capacitaci\u00f3n y mejora continua de los servicios p\u00fablicos.<\/p>\n\n\n\n<p>El balance anual del \u00e1rea de Formaci\u00f3n, liderada por el diputado <strong>Ricardo Gabald\u00f3n<\/strong>, destaca que se llevaron a cabo un total de 256 acciones formativas, con la participaci\u00f3n de <strong>5.313 alumnos<\/strong>. Seg\u00fan Gabald\u00f3n, \u201cla formaci\u00f3n continua de nuestros profesionales beneficia directamente a la ciudadan\u00eda, ya que mejora la calidad de los servicios p\u00fablicos\u201d.<\/p>\n\n\n\n<p>Entre las tem\u00e1ticas m\u00e1s solicitadas en 2024 destacan los cursos relacionados con la <strong>inteligencia artificial aplicada a la administraci\u00f3n p\u00fablica<\/strong>, una disciplina que marcar\u00e1 el futuro del sector. Otras \u00e1reas de inter\u00e9s fueron la gesti\u00f3n y procedimiento administrativo, la responsabilidad del empleado p\u00fablico y la ofim\u00e1tica.<\/p>\n\n\n\n<p>El programa formativo cont\u00f3 con la colaboraci\u00f3n de <strong>415 docentes<\/strong>, provenientes de la propia Diputaci\u00f3n, ayuntamientos, Generalitat, universidades p\u00fablicas y otras entidades valencianas, lo que supuso un notable incremento respecto al a\u00f1o anterior.<\/p>\n\n\n\n<p>El 37% de los cursos se impartieron de manera presencial o semipresencial, mientras que casi un tercio se realiz\u00f3 en modalidad online, consolid\u00e1ndose como una opci\u00f3n clave para facilitar el acceso a la formaci\u00f3n. Adem\u00e1s, se ofrecieron jornadas, v\u00eddeo cursos y p\u00edldoras formativas para diversificar las opciones de aprendizaje.<\/p>\n\n\n\n<p>\u201cEl servicio de formaci\u00f3n que ofrecemos a los municipios, especialmente a los m\u00e1s peque\u00f1os, es una muestra del compromiso de la Diputaci\u00f3n con la mejora de la administraci\u00f3n local. Ayudamos a cubrir \u00e1reas que, por s\u00ed solos, los ayuntamientos no pueden asumir\u201d, afirm\u00f3 Gabald\u00f3n.<\/p>\n\n\n\n<p>Debido al impacto de la DANA de finales de octubre de 2024, la Diputaci\u00f3n decidi\u00f3 suspender temporalmente cerca de <strong>30 cursos programados<\/strong> para esa fecha, afectando principalmente a empleados de municipios perjudicados por el fen\u00f3meno clim\u00e1tico. Estas acciones formativas ser\u00e1n reprogramadas durante el primer trimestre de 2025.<\/p>\n\n\n\n<p>\u201cQuer\u00edamos mostrar comprensi\u00f3n hacia nuestros alumnos y evitar desplazamientos peligrosos en cursos presenciales. Esta decisi\u00f3n refuerza nuestro compromiso con las personas afectadas y garantiza que todos puedan acceder a la formaci\u00f3n en un momento m\u00e1s adecuado\u201d, subray\u00f3 Ricardo Gabald\u00f3n.<\/p>\n\n\n\n<p>La Diputaci\u00f3 de Val\u00e8ncia consolida as\u00ed su pol\u00edtica de formaci\u00f3n continua como un pilar fundamental para el desarrollo de las administraciones locales, fomentando la profesionalizaci\u00f3n y la mejora de los servicios p\u00fablicos en toda la provincia.<\/p>\n","protected":false},"excerpt":{"rendered":"<p>La Diputaci\u00f3 de Val\u00e8ncia ha superado las 5.700 horas de formaci\u00f3n impartidas a empleados p\u00fablicos de ayuntamientos, mancomunidades y la propia corporaci\u00f3n provincial durante 2024. Este aumento supone un incremento de 1.000 horas respecto al a\u00f1o anterior, consolidando su compromiso con la capacitaci\u00f3n y mejora continua de los servicios p\u00fablicos. El balance anual del \u00e1rea&#8230;<\/p>\n","protected":false},"author":1,"featured_media":5380,"comment_status":"open","ping_status":"open","sticky":false,"template":"","format":"standard","meta":{"footnotes":""},"categories":[1,27],"tags":[],"class_list":["post-5379","post","type-post","status-publish","format-standard","has-post-thumbnail","hentry","category-actualidad","category-sociedad"],"_links":{"self":[{"href":"https:\/\/infogandia.es\/index.php\/wp-json\/wp\/v2\/posts\/5379","targetHints":{"allow":["GET"]}}],"collection":[{"href":"https:\/\/infogandia.es\/index.php\/wp-json\/wp\/v2\/posts"}],"about":[{"href":"https:\/\/infogandia.es\/index.php\/wp-json\/wp\/v2\/types\/post"}],"author":[{"embeddable":true,"href":"https:\/\/infogandia.es\/index.php\/wp-json\/wp\/v2\/users\/1"}],"replies":[{"embeddable":true,"href":"https:\/\/infogandia.es\/index.php\/wp-json\/wp\/v2\/comments?post=5379"}],"version-history":[{"count":1,"href":"https:\/\/infogandia.es\/index.php\/wp-json\/wp\/v2\/posts\/5379\/revisions"}],"predecessor-version":[{"id":5381,"href":"https:\/\/infogandia.es\/index.php\/wp-json\/wp\/v2\/posts\/5379\/revisions\/5381"}],"wp:featuredmedia":[{"embeddable":true,"href":"https:\/\/infogandia.es\/index.php\/wp-json\/wp\/v2\/media\/5380"}],"wp:attachment":[{"href":"https:\/\/infogandia.es\/index.php\/wp-json\/wp\/v2\/media?parent=5379"}],"wp:term":[{"taxonomy":"category","embeddable":true,"href":"https:\/\/infogandia.es\/index.php\/wp-json\/wp\/v2\/categories?post=5379"},{"taxonomy":"post_tag","embeddable":true,"href":"https:\/\/infogandia.es\/index.php\/wp-json\/wp\/v2\/tags?post=5379"}],"curies":[{"name":"wp","href":"https:\/\/api.w.org\/{rel}","templated":true}]}}