{"id":5383,"date":"2025-01-10T13:31:20","date_gmt":"2025-01-10T13:31:20","guid":{"rendered":"https:\/\/infogandia.es\/?p=5383"},"modified":"2025-01-10T13:31:20","modified_gmt":"2025-01-10T13:31:20","slug":"el-ceic-alfons-el-vell-concede-la-beca-josep-camarena-2024-al-historiador-marc-faus","status":"publish","type":"post","link":"https:\/\/infogandia.es\/index.php\/2025\/01\/10\/el-ceic-alfons-el-vell-concede-la-beca-josep-camarena-2024-al-historiador-marc-faus\/","title":{"rendered":"El CEIC Alfons el Vell concede la beca Josep Camarena 2024 al historiador Marc Faus"},"content":{"rendered":"\n<p><em>El estudio abordar\u00e1 el uso, consumo y mercado de armas en la Valencia medieval<\/em><\/p>\n\n\n\n<p>La regidora y vicepresidenta del CEIC Alfons el Vell, Balbina Sendra, junto con Joan Negre, director de la instituci\u00f3n, han presentado esta ma\u00f1ana a Marc Faus, ganador de la beca de investigaci\u00f3n Josep Camarena 2024.<\/p>\n\n\n\n<p>Sendra ha informado que la beca se llevar\u00e1 a cabo durante los pr\u00f3ximos doce meses y es una de las mejor dotadas econ\u00f3micamente en la Comunidad Valenciana, con una cuant\u00eda de 4.000 euros. Esta beca se enmarca dentro de las acciones del CEIC Alfons el Vell para fomentar el conocimiento sobre el territorio valenciano. &#8220;Esta beca no solo financia un estudio, sino que tambi\u00e9n implica que pueda ser publicado para aumentar las decenas de publicaciones sobre la comarca que ya ha realizado el CEIC&#8221;, ha declarado la regidora.<\/p>\n\n\n\n<p>Sobre Marc Faus, la vicepresidenta ha destacado que es graduado en Historia y actualmente es becario en el Departamento de Historia Medieval de la Universidad de Valencia. En cuanto al proyecto, ha detallado que lleva el t\u00edtulo \u201cLa tierra en armas. Uso, consumo y mercado de armamento en las Comarcas Centrales\u201d.<\/p>\n\n\n\n<p>Faus, por su parte, ha agradecido la oportunidad que ofrece este tipo de becas para realizar investigaciones. El estudio surge de una necesidad historiogr\u00e1fica para &#8220;desmontar un imaginario colectivo en el que solo los nobles eran los portadores y poseedores de armas&#8221;, ya que se calcula que en la Valencia medieval el porcentaje de poblaci\u00f3n armada oscilar\u00eda entre el 75% y el 95%.<\/p>\n\n\n\n<p>Finalmente, Joan Negre ha destacado que, en los \u00faltimos cuatro a\u00f1os, la beca ha pasado de ser bienal con una dotaci\u00f3n de 1.000 euros a anual con 4.000 euros, convirti\u00e9ndola en &#8220;una de las becas m\u00e1s atractivas y mejor dotadas de la Comunidad Valenciana, que, adem\u00e1s, si cumple con la calidad necesaria, publicar\u00e1 el estudio para que est\u00e9 al alcance de todos en un lenguaje accesible&#8221;.<\/p>\n\n\n\n<p>El trabajo de investigaci\u00f3n ser\u00e1 tutorizado por Frederic Aparisi y Joan Negre.<\/p>\n","protected":false},"excerpt":{"rendered":"<p>El estudio abordar\u00e1 el uso, consumo y mercado de armas en la Valencia medieval La regidora y vicepresidenta del CEIC Alfons el Vell, Balbina Sendra, junto con Joan Negre, director de la instituci\u00f3n, han presentado esta ma\u00f1ana a Marc Faus, ganador de la beca de investigaci\u00f3n Josep Camarena 2024. Sendra ha informado que la beca&#8230;<\/p>\n","protected":false},"author":1,"featured_media":5384,"comment_status":"open","ping_status":"open","sticky":false,"template":"","format":"standard","meta":{"footnotes":""},"categories":[1,27],"tags":[],"class_list":["post-5383","post","type-post","status-publish","format-standard","has-post-thumbnail","hentry","category-actualidad","category-sociedad"],"_links":{"self":[{"href":"https:\/\/infogandia.es\/index.php\/wp-json\/wp\/v2\/posts\/5383","targetHints":{"allow":["GET"]}}],"collection":[{"href":"https:\/\/infogandia.es\/index.php\/wp-json\/wp\/v2\/posts"}],"about":[{"href":"https:\/\/infogandia.es\/index.php\/wp-json\/wp\/v2\/types\/post"}],"author":[{"embeddable":true,"href":"https:\/\/infogandia.es\/index.php\/wp-json\/wp\/v2\/users\/1"}],"replies":[{"embeddable":true,"href":"https:\/\/infogandia.es\/index.php\/wp-json\/wp\/v2\/comments?post=5383"}],"version-history":[{"count":1,"href":"https:\/\/infogandia.es\/index.php\/wp-json\/wp\/v2\/posts\/5383\/revisions"}],"predecessor-version":[{"id":5385,"href":"https:\/\/infogandia.es\/index.php\/wp-json\/wp\/v2\/posts\/5383\/revisions\/5385"}],"wp:featuredmedia":[{"embeddable":true,"href":"https:\/\/infogandia.es\/index.php\/wp-json\/wp\/v2\/media\/5384"}],"wp:attachment":[{"href":"https:\/\/infogandia.es\/index.php\/wp-json\/wp\/v2\/media?parent=5383"}],"wp:term":[{"taxonomy":"category","embeddable":true,"href":"https:\/\/infogandia.es\/index.php\/wp-json\/wp\/v2\/categories?post=5383"},{"taxonomy":"post_tag","embeddable":true,"href":"https:\/\/infogandia.es\/index.php\/wp-json\/wp\/v2\/tags?post=5383"}],"curies":[{"name":"wp","href":"https:\/\/api.w.org\/{rel}","templated":true}]}}