{"id":5392,"date":"2025-01-13T17:31:30","date_gmt":"2025-01-13T17:31:30","guid":{"rendered":"https:\/\/infogandia.es\/?p=5392"},"modified":"2025-01-13T17:31:30","modified_gmt":"2025-01-13T17:31:30","slug":"aitor-climent-y-sofia-bernabeu-triunfan-en-la-xxii-edicion-del-km-vertical-gandia","status":"publish","type":"post","link":"https:\/\/infogandia.es\/index.php\/2025\/01\/13\/aitor-climent-y-sofia-bernabeu-triunfan-en-la-xxii-edicion-del-km-vertical-gandia\/","title":{"rendered":"Aitor Climent y Sof\u00eda Bernab\u00e9u triunfan en la XXII edici\u00f3n del KM Vertical Gandia"},"content":{"rendered":"\n<p>Aitor Climent y Sof\u00eda Bernab\u00e9u se alzaron como vencedores absolutos en las categor\u00edas masculina y femenina, respectivamente, durante la XXII edici\u00f3n del <strong>KM Vertical Gandia<\/strong>, celebrada ayer. El evento, que refuerza a Gandia como un enclave ideal para albergar competiciones deportivas al aire libre, cont\u00f3 con una gran participaci\u00f3n en las diferentes categor\u00edas y modalidades, ofreciendo una jornada inolvidable de deporte en plena naturaleza.<\/p>\n\n\n\n<p>La prueba tuvo como punto de partida la ciudad de Gandia y concluy\u00f3 en la emblem\u00e1tica <strong>Font de la Drova<\/strong>, un recorrido que puso a prueba la resistencia y habilidad de los participantes.<\/p>\n\n\n\n<p>El alcalde de Gandia, <strong>Jos\u00e9 Manuel Prieto<\/strong>, junto al regidor delegado de Deportes, <strong>Jes\u00fas Naviero<\/strong>, y otros miembros de la corporaci\u00f3n municipal, presidieron el acto de salida, mostrando el apoyo institucional al deporte y destacando el compromiso de la ciudad con la promoci\u00f3n de actividades saludables y sostenibles.<\/p>\n\n\n\n<p>El \u00e9xito de esta edici\u00f3n no solo consolida el prestigio del <strong>KM Vertical Gandia<\/strong>, sino que reafirma a la localidad como un referente en la organizaci\u00f3n de eventos deportivos en entornos naturales.<\/p>\n","protected":false},"excerpt":{"rendered":"<p>Aitor Climent y Sof\u00eda Bernab\u00e9u se alzaron como vencedores absolutos en las categor\u00edas masculina y femenina, respectivamente, durante la XXII edici\u00f3n del KM Vertical Gandia, celebrada ayer. El evento, que refuerza a Gandia como un enclave ideal para albergar competiciones deportivas al aire libre, cont\u00f3 con una gran participaci\u00f3n en las diferentes categor\u00edas y modalidades,&#8230;<\/p>\n","protected":false},"author":1,"featured_media":5393,"comment_status":"open","ping_status":"open","sticky":false,"template":"","format":"standard","meta":{"footnotes":""},"categories":[1,4],"tags":[],"class_list":["post-5392","post","type-post","status-publish","format-standard","has-post-thumbnail","hentry","category-actualidad","category-deporte"],"_links":{"self":[{"href":"https:\/\/infogandia.es\/index.php\/wp-json\/wp\/v2\/posts\/5392","targetHints":{"allow":["GET"]}}],"collection":[{"href":"https:\/\/infogandia.es\/index.php\/wp-json\/wp\/v2\/posts"}],"about":[{"href":"https:\/\/infogandia.es\/index.php\/wp-json\/wp\/v2\/types\/post"}],"author":[{"embeddable":true,"href":"https:\/\/infogandia.es\/index.php\/wp-json\/wp\/v2\/users\/1"}],"replies":[{"embeddable":true,"href":"https:\/\/infogandia.es\/index.php\/wp-json\/wp\/v2\/comments?post=5392"}],"version-history":[{"count":1,"href":"https:\/\/infogandia.es\/index.php\/wp-json\/wp\/v2\/posts\/5392\/revisions"}],"predecessor-version":[{"id":5394,"href":"https:\/\/infogandia.es\/index.php\/wp-json\/wp\/v2\/posts\/5392\/revisions\/5394"}],"wp:featuredmedia":[{"embeddable":true,"href":"https:\/\/infogandia.es\/index.php\/wp-json\/wp\/v2\/media\/5393"}],"wp:attachment":[{"href":"https:\/\/infogandia.es\/index.php\/wp-json\/wp\/v2\/media?parent=5392"}],"wp:term":[{"taxonomy":"category","embeddable":true,"href":"https:\/\/infogandia.es\/index.php\/wp-json\/wp\/v2\/categories?post=5392"},{"taxonomy":"post_tag","embeddable":true,"href":"https:\/\/infogandia.es\/index.php\/wp-json\/wp\/v2\/tags?post=5392"}],"curies":[{"name":"wp","href":"https:\/\/api.w.org\/{rel}","templated":true}]}}