{"id":5398,"date":"2025-01-14T15:38:57","date_gmt":"2025-01-14T15:38:57","guid":{"rendered":"https:\/\/infogandia.es\/?p=5398"},"modified":"2025-01-14T15:38:57","modified_gmt":"2025-01-14T15:38:57","slug":"benirredra-celebra-su-tradicional-porrat-de-sant-antoni-este-fin-de-semana","status":"publish","type":"post","link":"https:\/\/infogandia.es\/index.php\/2025\/01\/14\/benirredra-celebra-su-tradicional-porrat-de-sant-antoni-este-fin-de-semana\/","title":{"rendered":"Benirredr\u00e0 celebra su tradicional Porrat de Sant Antoni este fin de semana"},"content":{"rendered":"\n<p><em>Gastronom\u00eda, tradici\u00f3n, m\u00fasica e historia protagonizan un completo programa de actividades para todos los p\u00fablicos.<\/em><\/p>\n\n\n\n<p>Benirredr\u00e0 se prepara para celebrar este fin de semana su emblem\u00e1tico <strong>Porrat de Sant Antoni<\/strong>, una festividad que combina tradici\u00f3n, cultura y entretenimiento. El evento fue presentado en rueda de prensa por la alcaldesa de Benirredr\u00e0, <strong>Vicky Bordes<\/strong>, y la concejala de Cultura y Turismo de Gandia, <strong>Balbina Sendra<\/strong>, quienes destacaron la importancia de esta fiesta como referente cultural y festivo en la comarca.<\/p>\n\n\n\n<p>\u201cDesde Gandia participamos activamente en la preparaci\u00f3n, asegurando que la Ermita de Sant Antoni est\u00e9 en perfectas condiciones para recibir a todos los visitantes que quieran conocer una parte importante de nuestro patrimonio,\u201d subray\u00f3 Sendra.<\/p>\n\n\n\n<p>Por su parte, Bordes agradeci\u00f3 la estrecha colaboraci\u00f3n entre Gandia y Benirredr\u00e0, se\u00f1alando que ambas localidades comparten historia y v\u00ednculos comunes. Adem\u00e1s, advirti\u00f3 que la programaci\u00f3n podr\u00eda sufrir cambios debido a la previsi\u00f3n de lluvia para el viernes.<\/p>\n\n\n\n<p>El <strong>Porrat de Sant Antoni<\/strong> comenzar\u00e1 el viernes 17 de enero con su inauguraci\u00f3n oficial y el preg\u00f3n a las <strong>20:00 horas<\/strong>, en la plaza del Ayuntamiento. La ceremonia estar\u00e1 a cargo de <strong>Ni Fu Ni Fa Events<\/strong>, con pregoneros vestidos de \u00e9poca que compartir\u00e1n historias y an\u00e9cdotas. A las <strong>21:00 horas<\/strong>, se llevar\u00e1 a cabo la tradicional <strong>crem\u00e0 de la foguera<\/strong> en la plaza de la Iglesia, seguida de una degustaci\u00f3n gastron\u00f3mica y un concierto en directo de <strong>La Sede 2.0<\/strong>, en la carpa del Carrer Tramuntana.<\/p>\n\n\n\n<p>El s\u00e1bado y domingo, el <strong>mercado del Porrat<\/strong> estar\u00e1 abierto de <strong>11:00 a 14:00 horas<\/strong> y de <strong>17:00 a 22:00 horas<\/strong>, ofreciendo productos gastron\u00f3micos, artesan\u00eda y espect\u00e1culos para todas las edades. Entre las actividades m\u00e1s destacadas se encuentran:<\/p>\n\n\n\n<ul class=\"wp-block-list\">\n<li><strong>Visitas guiadas gratuitas<\/strong> a la Ermita de Sant Antoni.<\/li>\n\n\n\n<li><strong>Talleres infantiles<\/strong> y espect\u00e1culos de animaci\u00f3n.<\/li>\n\n\n\n<li><strong>Demostraciones de oficios artesanales.<\/strong><\/li>\n\n\n\n<li>Espect\u00e1culo itinerante con <strong>dinosaurios gigantes<\/strong> recorriendo las calles.<\/li>\n<\/ul>\n\n\n\n<p>El domingo, las festividades comenzar\u00e1n con una <strong>exhibici\u00f3n de toques medievales de campanas<\/strong> a las 11:00 horas, seguida de la actuaci\u00f3n de la <strong>Muixeranga de La Safor<\/strong> a las 13:00 horas. Tambi\u00e9n se celebrar\u00e1 una <strong>misa en honor a Sant Antoni<\/strong> y la tradicional <strong>bendici\u00f3n de animales<\/strong>. La jornada concluir\u00e1 con un gran <strong>dinar popular<\/strong>, donde se servir\u00e1n las tradicionales <strong>cassoles d\u2019arr\u00f2s al forn<\/strong> en la carpa del Carrer Tramuntana a las 14:30 horas.<\/p>\n\n\n\n<p>El <strong>Porrat de Sant Antoni de Benirredr\u00e0<\/strong> se consolida como un evento clave para preservar las tradiciones locales, fomentar el turismo y ofrecer un fin de semana lleno de actividades para vecinos y visitantes.<\/p>\n","protected":false},"excerpt":{"rendered":"<p>Gastronom\u00eda, tradici\u00f3n, m\u00fasica e historia protagonizan un completo programa de actividades para todos los p\u00fablicos. Benirredr\u00e0 se prepara para celebrar este fin de semana su emblem\u00e1tico Porrat de Sant Antoni, una festividad que combina tradici\u00f3n, cultura y entretenimiento. El evento fue presentado en rueda de prensa por la alcaldesa de Benirredr\u00e0, Vicky Bordes, y la&#8230;<\/p>\n","protected":false},"author":1,"featured_media":5401,"comment_status":"open","ping_status":"open","sticky":false,"template":"","format":"standard","meta":{"footnotes":""},"categories":[1,27,57],"tags":[],"class_list":["post-5398","post","type-post","status-publish","format-standard","has-post-thumbnail","hentry","category-actualidad","category-sociedad","category-turismo"],"_links":{"self":[{"href":"https:\/\/infogandia.es\/index.php\/wp-json\/wp\/v2\/posts\/5398","targetHints":{"allow":["GET"]}}],"collection":[{"href":"https:\/\/infogandia.es\/index.php\/wp-json\/wp\/v2\/posts"}],"about":[{"href":"https:\/\/infogandia.es\/index.php\/wp-json\/wp\/v2\/types\/post"}],"author":[{"embeddable":true,"href":"https:\/\/infogandia.es\/index.php\/wp-json\/wp\/v2\/users\/1"}],"replies":[{"embeddable":true,"href":"https:\/\/infogandia.es\/index.php\/wp-json\/wp\/v2\/comments?post=5398"}],"version-history":[{"count":1,"href":"https:\/\/infogandia.es\/index.php\/wp-json\/wp\/v2\/posts\/5398\/revisions"}],"predecessor-version":[{"id":5402,"href":"https:\/\/infogandia.es\/index.php\/wp-json\/wp\/v2\/posts\/5398\/revisions\/5402"}],"wp:featuredmedia":[{"embeddable":true,"href":"https:\/\/infogandia.es\/index.php\/wp-json\/wp\/v2\/media\/5401"}],"wp:attachment":[{"href":"https:\/\/infogandia.es\/index.php\/wp-json\/wp\/v2\/media?parent=5398"}],"wp:term":[{"taxonomy":"category","embeddable":true,"href":"https:\/\/infogandia.es\/index.php\/wp-json\/wp\/v2\/categories?post=5398"},{"taxonomy":"post_tag","embeddable":true,"href":"https:\/\/infogandia.es\/index.php\/wp-json\/wp\/v2\/tags?post=5398"}],"curies":[{"name":"wp","href":"https:\/\/api.w.org\/{rel}","templated":true}]}}