{"id":5412,"date":"2025-01-15T16:44:48","date_gmt":"2025-01-15T16:44:48","guid":{"rendered":"https:\/\/infogandia.es\/?p=5412"},"modified":"2025-01-15T16:44:49","modified_gmt":"2025-01-15T16:44:49","slug":"el-departamento-de-salud-de-gandia-lanza-ador-y-palma-caminan-para-promover-paseos-saludables-en-grupo","status":"publish","type":"post","link":"https:\/\/infogandia.es\/index.php\/2025\/01\/15\/el-departamento-de-salud-de-gandia-lanza-ador-y-palma-caminan-para-promover-paseos-saludables-en-grupo\/","title":{"rendered":"El Departamento de Salud de Gandia lanza \u2018Ador y Palma Caminan\u2019 para promover paseos saludables en grupo"},"content":{"rendered":"\n<p>Los profesionales del consultorio m\u00e9dico de Palma de Gandia y del centro de salud de Ador, en colaboraci\u00f3n con los ayuntamientos de ambas localidades, han puesto en marcha el programa <em>\u2018Ador y Palma Caminan\u2019<\/em>, una iniciativa destinada a fomentar la actividad f\u00edsica y fortalecer las relaciones sociales a trav\u00e9s de paseos grupales semanales.<\/p>\n\n\n\n<p>Las caminatas tendr\u00e1n lugar cada viernes, desde las 9:30 hasta las 10:30 horas, con salida desde <strong>El Barranquet<\/strong>. El programa, que inicia su primera sesi\u00f3n el pr\u00f3ximo <strong>24 de enero<\/strong>, incluye paradas en puntos estrat\u00e9gicos de los municipios y cuenta con la gu\u00eda de monitores especializados y profesionales sanitarios que acompa\u00f1ar\u00e1n a los participantes, ofreciendo consejos para mejorar su salud y bienestar.<\/p>\n\n\n\n<p>Con esta iniciativa, <strong>Ador y Palma de Gandia<\/strong> se suman a los numerosos municipios de la comarca que ya han implementado programas similares dentro de la estrategia de promoci\u00f3n de la salud en el entorno comunitario. Entre ellos, destacan localidades como Gandia, Oliva, Tavernes de la Valldigna, Villalonga, Barx, Bellreguard, Almoines, Daim\u00fas, La Font d&#8217;en Carr\u00f2s, Miramar, Real de Gandia, Castell\u00f3 de Rugat, Benifair\u00f3 de la Valldigna, Piles, Simat de la Valldigna, Xeraco, Rafelcofer, R\u00f2tova y Potries.<\/p>\n\n\n\n<p>El objetivo principal es promover la actividad f\u00edsica como un h\u00e1bito saludable, al mismo tiempo que se refuerza el tejido social mediante actividades grupales que favorecen el bienestar emocional y f\u00edsico de los participantes.<\/p>\n\n\n\n<p>Las personas interesadas en participar pueden inscribirse en el centro de salud de Ador o en el consultorio m\u00e9dico de Palma de Gandia. Las caminatas est\u00e1n dise\u00f1adas para personas de todas las edades, y su formato accesible permite que cualquier interesado pueda sumarse y disfrutar de los beneficios de caminar en compa\u00f1\u00eda.<\/p>\n\n\n\n<p><strong>Cristina Altur<\/strong>, directora de enfermer\u00eda de Atenci\u00f3n Primaria del Departamento de Salud de Gandia, ha destacado la relevancia de este tipo de programas. \u201cEstas iniciativas no solo fomentan el ejercicio f\u00edsico, que es fundamental para la salud, sino que tambi\u00e9n cumplen un importante papel socializador, ayudando a fortalecer las relaciones entre los vecinos y combatiendo el aislamiento\u201d, se\u00f1al\u00f3.<\/p>\n\n\n\n<p>Con <em>\u2018Ador y Palma Caminan\u2019<\/em>, el Departamento de Salud de Gandia reafirma su compromiso con la promoci\u00f3n de h\u00e1bitos saludables en el entorno comunitario, impulsando actividades que beneficien tanto el cuerpo como la mente de los participantes.<\/p>\n","protected":false},"excerpt":{"rendered":"<p>Los profesionales del consultorio m\u00e9dico de Palma de Gandia y del centro de salud de Ador, en colaboraci\u00f3n con los ayuntamientos de ambas localidades, han puesto en marcha el programa \u2018Ador y Palma Caminan\u2019, una iniciativa destinada a fomentar la actividad f\u00edsica y fortalecer las relaciones sociales a trav\u00e9s de paseos grupales semanales. Las caminatas&#8230;<\/p>\n","protected":false},"author":1,"featured_media":5413,"comment_status":"open","ping_status":"open","sticky":false,"template":"","format":"standard","meta":{"footnotes":""},"categories":[1,27],"tags":[],"class_list":["post-5412","post","type-post","status-publish","format-standard","has-post-thumbnail","hentry","category-actualidad","category-sociedad"],"_links":{"self":[{"href":"https:\/\/infogandia.es\/index.php\/wp-json\/wp\/v2\/posts\/5412","targetHints":{"allow":["GET"]}}],"collection":[{"href":"https:\/\/infogandia.es\/index.php\/wp-json\/wp\/v2\/posts"}],"about":[{"href":"https:\/\/infogandia.es\/index.php\/wp-json\/wp\/v2\/types\/post"}],"author":[{"embeddable":true,"href":"https:\/\/infogandia.es\/index.php\/wp-json\/wp\/v2\/users\/1"}],"replies":[{"embeddable":true,"href":"https:\/\/infogandia.es\/index.php\/wp-json\/wp\/v2\/comments?post=5412"}],"version-history":[{"count":1,"href":"https:\/\/infogandia.es\/index.php\/wp-json\/wp\/v2\/posts\/5412\/revisions"}],"predecessor-version":[{"id":5414,"href":"https:\/\/infogandia.es\/index.php\/wp-json\/wp\/v2\/posts\/5412\/revisions\/5414"}],"wp:featuredmedia":[{"embeddable":true,"href":"https:\/\/infogandia.es\/index.php\/wp-json\/wp\/v2\/media\/5413"}],"wp:attachment":[{"href":"https:\/\/infogandia.es\/index.php\/wp-json\/wp\/v2\/media?parent=5412"}],"wp:term":[{"taxonomy":"category","embeddable":true,"href":"https:\/\/infogandia.es\/index.php\/wp-json\/wp\/v2\/categories?post=5412"},{"taxonomy":"post_tag","embeddable":true,"href":"https:\/\/infogandia.es\/index.php\/wp-json\/wp\/v2\/tags?post=5412"}],"curies":[{"name":"wp","href":"https:\/\/api.w.org\/{rel}","templated":true}]}}