{"id":5422,"date":"2025-01-16T18:23:52","date_gmt":"2025-01-16T18:23:52","guid":{"rendered":"https:\/\/infogandia.es\/?p=5422"},"modified":"2025-01-16T18:23:52","modified_gmt":"2025-01-16T18:23:52","slug":"el-pavello-gandia-arena-un-projecte-estrategic-per-al-futur-de-la-ciutat-es-licitara-aquest-mes","status":"publish","type":"post","link":"https:\/\/infogandia.es\/index.php\/2025\/01\/16\/el-pavello-gandia-arena-un-projecte-estrategic-per-al-futur-de-la-ciutat-es-licitara-aquest-mes\/","title":{"rendered":"El Pavell\u00f3 Gandia Arena, un projecte estrat\u00e8gic per al futur de la ciutat, es licitar\u00e0 aquest mes"},"content":{"rendered":"\n<p><em>Amb un pressupost de 18,5 milions d&#8217;euros, la infraestructura es construir\u00e0 en tres fases i estar\u00e0 finalitzada abans del final de la legislatura.<\/em><\/p>\n\n\n\n<p>L&#8217;Ajuntament de Gandia ha anunciat que aquest mes de gener s&#8217;iniciar\u00e0 el proc\u00e9s de licitaci\u00f3 del Pavell\u00f3 Gandia Arena, un dels projectes m\u00e9s ambiciosos i estrat\u00e8gics de la legislatura. L&#8217;alcalde Jos\u00e9 Manuel Prieto, acompanyat per Maite Alonso, Coordinadora General d&#8217;Urbanisme, i Jes\u00fas Naveiro, regidor d&#8217;Esports, ha informat que les obres comen\u00e7aran despr\u00e9s de l&#8217;estiu i que el projecte estar\u00e0 pr\u00e0cticament acabat en 24 mesos.<\/p>\n\n\n\n<p>Segons Prieto, \u201cel Gandia Arena permetr\u00e0 ampliar les nostres instal\u00b7lacions esportives i ens consolidar\u00e0 com a referent tur\u00edstic per a esdeveniments esportius durant tot l&#8217;any\u201d.<\/p>\n\n\n\n<p><strong>Un projecte ambici\u00f3s i dividit en tres fases<\/strong><br>La construcci\u00f3 del Pavell\u00f3 Gandia Arena s&#8217;executar\u00e0 en tres fases, amb un pressupost global de 18,5 milions d&#8217;euros:<\/p>\n\n\n\n<ul class=\"wp-block-list\">\n<li><strong>Primera fase (8,5 milions d&#8217;euros):<\/strong> Inclou la construcci\u00f3 inicial de la infraestructura amb un aforament de 1.364 persones, pistes per a tres partits de b\u00e0squet simultanis, vestidors per a equips i \u00e0rbitres, i graderies desplegables.<\/li>\n\n\n\n<li><strong>Segona fase (5 milions d&#8217;euros):<\/strong> S&#8217;ampliaran les graderies i altres elements estructurals.<\/li>\n\n\n\n<li><strong>Tercera fase (3,5 milions d&#8217;euros):<\/strong> Es completaran les graderies definitives i altres detalls de la instal\u00b7laci\u00f3.<\/li>\n<\/ul>\n\n\n\n<p><strong>Un impuls per a l\u2019esport i el turisme<\/strong><br>El Gandia Arena es convertir\u00e0 en un espai multifuncional dissenyat per albergar competicions esportives nacionals i internacionals, grans concerts i activitats culturals. Aquesta infraestructura resoldr\u00e0 les necessitats actuals dels clubs esportius locals i potenciar\u00e0 el turisme esportiu, amb un impacte econ\u00f2mic positiu en sectors com l&#8217;hostaleria i el comer\u00e7.<\/p>\n\n\n\n<p>L&#8217;alcalde ha destacat que el pavell\u00f3 estar\u00e0 situat pr\u00f2xim a la planta hotelera de la ciutat, refor\u00e7ant el binomi turisme-esport i promovent la desestacionalitzaci\u00f3 tur\u00edstica. \u201cAtraurem competicions que avui no podem acollir per falta d&#8217;espais i infraestructures adequades\u201d, ha afirmat.<\/p>\n\n\n\n<p><strong>Responsabilitat i viabilitat financera<\/strong><br>El projecte ha estat redimensionat despr\u00e9s de l&#8217;increment dels costos de l&#8217;obra p\u00fablica, derivat de la situaci\u00f3 econ\u00f2mica internacional. Tot i l&#8217;encariment, l&#8217;Ajuntament garanteix la viabilitat del Gandia Arena gr\u00e0cies a una estrat\u00e8gia financera rigorosa que combina subvencions, aportacions municipals i acords amb altres administracions.<\/p>\n\n\n\n<p>Entre els recursos assegurats destaca una subvenci\u00f3 de 3,2 milions d&#8217;euros de la Generalitat Valenciana, atorgada en 2021 sota la presid\u00e8ncia de Ximo Puig. \u201cNo gastarem el que no tenim. Actuem amb rigor i responsabilitat per adaptar el projecte a la realitat actual sense comprometre les finances municipals\u201d, ha declarat Prieto.<\/p>\n\n\n\n<p><strong>Un motor d\u2019oportunitats per a Gandia<\/strong><br>El Pavell\u00f3 Gandia Arena es perfila com un centre d\u2019atracci\u00f3 d\u2019esdeveniments esportius, culturals i d\u2019oci, amb un impacte positiu en la dinamitzaci\u00f3 econ\u00f2mica local. A m\u00e9s, contribuir\u00e0 a consolidar un turisme sostenible i continu durant tot l&#8217;any, generant ocupaci\u00f3 i noves oportunitats per a la comunitat.<\/p>\n\n\n\n<p>Gandia presentar\u00e0 aquest projecte a FITUR 2025 amb l\u2019objectiu d\u2019atraure operatives relacionades amb el turisme esportiu i de negocis, reafirmant-se com una ciutat moderna i din\u00e0mica.<\/p>\n","protected":false},"excerpt":{"rendered":"<p>Amb un pressupost de 18,5 milions d&#8217;euros, la infraestructura es construir\u00e0 en tres fases i estar\u00e0 finalitzada abans del final de la legislatura. L&#8217;Ajuntament de Gandia ha anunciat que aquest mes de gener s&#8217;iniciar\u00e0 el proc\u00e9s de licitaci\u00f3 del Pavell\u00f3 Gandia Arena, un dels projectes m\u00e9s ambiciosos i estrat\u00e8gics de la legislatura. L&#8217;alcalde Jos\u00e9 Manuel&#8230;<\/p>\n","protected":false},"author":1,"featured_media":5416,"comment_status":"open","ping_status":"open","sticky":false,"template":"","format":"standard","meta":{"footnotes":""},"categories":[1,27,57],"tags":[],"class_list":["post-5422","post","type-post","status-publish","format-standard","has-post-thumbnail","hentry","category-actualidad","category-sociedad","category-turismo"],"_links":{"self":[{"href":"https:\/\/infogandia.es\/index.php\/wp-json\/wp\/v2\/posts\/5422","targetHints":{"allow":["GET"]}}],"collection":[{"href":"https:\/\/infogandia.es\/index.php\/wp-json\/wp\/v2\/posts"}],"about":[{"href":"https:\/\/infogandia.es\/index.php\/wp-json\/wp\/v2\/types\/post"}],"author":[{"embeddable":true,"href":"https:\/\/infogandia.es\/index.php\/wp-json\/wp\/v2\/users\/1"}],"replies":[{"embeddable":true,"href":"https:\/\/infogandia.es\/index.php\/wp-json\/wp\/v2\/comments?post=5422"}],"version-history":[{"count":1,"href":"https:\/\/infogandia.es\/index.php\/wp-json\/wp\/v2\/posts\/5422\/revisions"}],"predecessor-version":[{"id":5423,"href":"https:\/\/infogandia.es\/index.php\/wp-json\/wp\/v2\/posts\/5422\/revisions\/5423"}],"wp:featuredmedia":[{"embeddable":true,"href":"https:\/\/infogandia.es\/index.php\/wp-json\/wp\/v2\/media\/5416"}],"wp:attachment":[{"href":"https:\/\/infogandia.es\/index.php\/wp-json\/wp\/v2\/media?parent=5422"}],"wp:term":[{"taxonomy":"category","embeddable":true,"href":"https:\/\/infogandia.es\/index.php\/wp-json\/wp\/v2\/categories?post=5422"},{"taxonomy":"post_tag","embeddable":true,"href":"https:\/\/infogandia.es\/index.php\/wp-json\/wp\/v2\/tags?post=5422"}],"curies":[{"name":"wp","href":"https:\/\/api.w.org\/{rel}","templated":true}]}}