{"id":5426,"date":"2025-01-16T18:27:37","date_gmt":"2025-01-16T18:27:37","guid":{"rendered":"https:\/\/infogandia.es\/?p=5426"},"modified":"2025-01-16T18:27:45","modified_gmt":"2025-01-16T18:27:45","slug":"mompo-exige-la-suspension-de-las-reglas-fiscales-para-los-municipios-afectados-por-la-dana","status":"publish","type":"post","link":"https:\/\/infogandia.es\/index.php\/2025\/01\/16\/mompo-exige-la-suspension-de-las-reglas-fiscales-para-los-municipios-afectados-por-la-dana\/","title":{"rendered":"Momp\u00f3 exige la suspensi\u00f3n de las reglas fiscales para los municipios afectados por la DANA"},"content":{"rendered":"\n<p><em>El presidente de la Diputaci\u00f3n de Valencia, Toni Gaspar, y M\u00aa Jos\u00e9 Garc\u00eda-Pelayo, presidenta de la FEMP, destacan la importancia de medidas urgentes para los municipios afectados por los recientes episodios de lluvias torrenciales.<\/em><\/p>\n\n\n\n<p>El presidente de la Diputaci\u00f3n de Valencia, <strong>Vicent Momp\u00f3<\/strong>, ha reclamado hoy la <strong>suspensi\u00f3n de las reglas fiscales<\/strong> para los municipios que han sufrido los devastadores efectos de la <strong>DANA<\/strong> (Depresi\u00f3n Aislada en Niveles Altos).<\/p>\n\n\n\n<p>Durante su visita a <strong>Massanassa<\/strong>, Momp\u00f3 estuvo acompa\u00f1ado por <strong>M\u00aa Jos\u00e9 Garc\u00eda-Pelayo<\/strong>, presidenta de la <strong>Federaci\u00f3n Espa\u00f1ola de Municipios y Provincias (FEMP)<\/strong>, quien subray\u00f3 el papel fundamental de esta organizaci\u00f3n como <strong>\u201cla voz \u00fanica ante el Gobierno\u201d<\/strong> para representar las necesidades y demandas de los afectados.<\/p>\n\n\n\n<p>Por su parte, Garc\u00eda-Pelayo ha reafirmado el compromiso de la FEMP de <strong>canalizar las peticiones de los municipios afectados<\/strong> y trabajar estrechamente con el Gobierno central para garantizar una respuesta r\u00e1pida y efectiva.<\/p>\n\n\n\n<p><strong>El impacto de la DANA en los municipios valencianos<\/strong><br>La DANA ha dejado un rastro de da\u00f1os considerables en infraestructuras p\u00fablicas, viviendas y sectores productivos. Ante esta situaci\u00f3n, Momp\u00f3 ha destacado la importancia de <strong>reforzar la cooperaci\u00f3n interinstitucional<\/strong> para implementar medidas que mitiguen los efectos de las lluvias torrenciales y prevengan futuras emergencias clim\u00e1ticas.<\/p>\n\n\n\n<p>Adem\u00e1s, ha hecho un llamamiento para que se priorice la inversi\u00f3n en infraestructuras resilientes y en mecanismos de emergencia que fortalezcan la capacidad de respuesta de los municipios ante fen\u00f3menos meteorol\u00f3gicos extremos.<\/p>\n\n\n\n<p>La visita a Massanassa se enmarca dentro de una serie de reuniones con responsables locales, donde Momp\u00f3 y Garc\u00eda-Pelayo est\u00e1n recopilando de primera mano las necesidades y preocupaciones de los municipios afectados.<\/p>\n\n\n\n<p>\u201c<em><strong>El compromiso de las instituciones con los afectados debe ser firme y decidido. Solo desde la unidad y la acci\u00f3n conjunta podremos superar esta crisis y construir un futuro m\u00e1s seguro para nuestros municipios\u201d, <\/strong><\/em>ha concluido Momp\u00f3.<\/p>\n","protected":false},"excerpt":{"rendered":"<p>El presidente de la Diputaci\u00f3n de Valencia, Toni Gaspar, y M\u00aa Jos\u00e9 Garc\u00eda-Pelayo, presidenta de la FEMP, destacan la importancia de medidas urgentes para los municipios afectados por los recientes episodios de lluvias torrenciales. El presidente de la Diputaci\u00f3n de Valencia, Vicent Momp\u00f3, ha reclamado hoy la suspensi\u00f3n de las reglas fiscales para los municipios&#8230;<\/p>\n","protected":false},"author":1,"featured_media":5420,"comment_status":"open","ping_status":"open","sticky":false,"template":"","format":"standard","meta":{"footnotes":""},"categories":[1,27],"tags":[],"class_list":["post-5426","post","type-post","status-publish","format-standard","has-post-thumbnail","hentry","category-actualidad","category-sociedad"],"_links":{"self":[{"href":"https:\/\/infogandia.es\/index.php\/wp-json\/wp\/v2\/posts\/5426","targetHints":{"allow":["GET"]}}],"collection":[{"href":"https:\/\/infogandia.es\/index.php\/wp-json\/wp\/v2\/posts"}],"about":[{"href":"https:\/\/infogandia.es\/index.php\/wp-json\/wp\/v2\/types\/post"}],"author":[{"embeddable":true,"href":"https:\/\/infogandia.es\/index.php\/wp-json\/wp\/v2\/users\/1"}],"replies":[{"embeddable":true,"href":"https:\/\/infogandia.es\/index.php\/wp-json\/wp\/v2\/comments?post=5426"}],"version-history":[{"count":1,"href":"https:\/\/infogandia.es\/index.php\/wp-json\/wp\/v2\/posts\/5426\/revisions"}],"predecessor-version":[{"id":5427,"href":"https:\/\/infogandia.es\/index.php\/wp-json\/wp\/v2\/posts\/5426\/revisions\/5427"}],"wp:featuredmedia":[{"embeddable":true,"href":"https:\/\/infogandia.es\/index.php\/wp-json\/wp\/v2\/media\/5420"}],"wp:attachment":[{"href":"https:\/\/infogandia.es\/index.php\/wp-json\/wp\/v2\/media?parent=5426"}],"wp:term":[{"taxonomy":"category","embeddable":true,"href":"https:\/\/infogandia.es\/index.php\/wp-json\/wp\/v2\/categories?post=5426"},{"taxonomy":"post_tag","embeddable":true,"href":"https:\/\/infogandia.es\/index.php\/wp-json\/wp\/v2\/tags?post=5426"}],"curies":[{"name":"wp","href":"https:\/\/api.w.org\/{rel}","templated":true}]}}