{"id":5441,"date":"2025-01-21T16:52:18","date_gmt":"2025-01-21T16:52:18","guid":{"rendered":"https:\/\/infogandia.es\/?p=5441"},"modified":"2025-01-21T16:52:18","modified_gmt":"2025-01-21T16:52:18","slug":"la-diputacio-activa-en-daimus-su-dispositivo-para-la-limpieza-de-playas-tras-la-dana","status":"publish","type":"post","link":"https:\/\/infogandia.es\/index.php\/2025\/01\/21\/la-diputacio-activa-en-daimus-su-dispositivo-para-la-limpieza-de-playas-tras-la-dana\/","title":{"rendered":"La Diputaci\u00f3 activa en Daim\u00fas su dispositivo para la limpieza de playas tras la DANA"},"content":{"rendered":"\n<p>La <strong>Diputaci\u00f3 de Val\u00e8ncia<\/strong> ha puesto en marcha un dispositivo especial para la limpieza de las playas de la provincia afectadas por la acumulaci\u00f3n de ca\u00f1as tras la reciente DANA. El presidente de la corporaci\u00f3n, <strong>Vicent Momp\u00f3<\/strong>, y el diputado de Medio Ambiente, <strong>Avelino Mascarell<\/strong>, visitaron hoy la playa de Daim\u00fas, donde comenzaron las labores de retirada de residuos.<\/p>\n\n\n\n<p>Momp\u00f3 destac\u00f3 la importancia de este servicio y el compromiso de la Diputaci\u00f3 con los municipios:<\/p>\n\n\n\n<blockquote class=\"wp-block-quote is-layout-flow wp-block-quote-is-layout-flow\">\n<p><em>\u201cLa acumulaci\u00f3n de ca\u00f1as es una consecuencia directa de la emergencia, y aunque corresponde al Ministerio su retirada, hemos decidido actuar sin entrar en debates de competencias. Activamos este servicio fuera de temporada, movilizando todos nuestros recursos porque es esencial para los ayuntamientos y para la econom\u00eda de la provincia\u201d.<\/em><\/p>\n<\/blockquote>\n\n\n\n<p>El alcalde de Daim\u00fas, <strong>Robert Mi\u00f1ana<\/strong>, agradeci\u00f3 la r\u00e1pida intervenci\u00f3n de la corporaci\u00f3n provincial y se\u00f1al\u00f3 que el consistorio ha sumado operarios y un veh\u00edculo al dispositivo para agilizar las tareas de limpieza:<\/p>\n\n\n\n<blockquote class=\"wp-block-quote is-layout-flow wp-block-quote-is-layout-flow\">\n<p><em>\u201cQueremos que nuestras playas est\u00e9n en perfecto estado para recibir a los visitantes cuando llegue la temporada de calor\u201d.<\/em><\/p>\n<\/blockquote>\n\n\n\n<p>El operativo cuenta con:<\/p>\n\n\n\n<ul class=\"wp-block-list\">\n<li><strong>4 tractores<\/strong> con palas y cajas ranuradas.<\/li>\n\n\n\n<li><strong>2 remolques<\/strong> y <strong>2 ca\u00f1eros<\/strong>.<\/li>\n\n\n\n<li><strong>3 camiones<\/strong> y <strong>14 conductores mec\u00e1nicos<\/strong>.<\/li>\n\n\n\n<li><strong>M\u00e1quinas de limpieza<\/strong> y un <strong>coordinador<\/strong>.<\/li>\n<\/ul>\n\n\n\n<p>Los trabajos se centran en la retirada de ca\u00f1as en las playas de <strong>Gandia-l\u2019Auir<\/strong>, <strong>Gandia-Rafalcaid<\/strong>, <strong>Xeraco<\/strong>, <strong>Daim\u00fas<\/strong>, <strong>Guardamar de la Safor<\/strong>, <strong>Bellreguard<\/strong>, <strong>Miramar<\/strong> y <strong>Piles<\/strong>, priorizando las playas urbanas y luego las naturales, siguiendo las autorizaciones de la Demarcaci\u00f3n de Costas.<\/p>\n\n\n\n<p>Los tractores transportan las ca\u00f1as acumuladas en puntos designados por los ayuntamientos, utilizando herramientas que minimizan la p\u00e9rdida de arena. Posteriormente, se realiza una limpieza exhaustiva con m\u00e1quinas para eliminar peque\u00f1os trozos de ca\u00f1as soterrados.<\/p>\n\n\n\n<p>El presidente Momp\u00f3 subray\u00f3 la relevancia econ\u00f3mica del turismo para la provincia de Valencia:<\/p>\n\n\n\n<blockquote class=\"wp-block-quote is-layout-flow wp-block-quote-is-layout-flow\">\n<p><em>\u201cNuestro objetivo es que las playas est\u00e9n limpias y preparadas para Semana Santa. El turismo es uno de los pilares econ\u00f3micos m\u00e1s importantes de la provincia, y nuestras playas son un activo esencial\u201d.<\/em><\/p>\n<\/blockquote>\n\n\n\n<p>El dispositivo incluye tambi\u00e9n a municipios como <strong>Sueca<\/strong>, <strong>Mareny de Barraquetes<\/strong> y <strong>Tavernes de la Valldigna<\/strong>, donde el Ministerio de Transici\u00f3n Ecol\u00f3gica coordina la retirada de ca\u00f1as.<\/p>\n\n\n\n<p>Con este esfuerzo, la Diputaci\u00f3 reafirma su compromiso de actuar r\u00e1pidamente ante emergencias y garantizar que las playas valencianas, un recurso vital para la econom\u00eda y el ocio, est\u00e9n en las mejores condiciones posibles.<\/p>\n","protected":false},"excerpt":{"rendered":"<p>La Diputaci\u00f3 de Val\u00e8ncia ha puesto en marcha un dispositivo especial para la limpieza de las playas de la provincia afectadas por la acumulaci\u00f3n de ca\u00f1as tras la reciente DANA. El presidente de la corporaci\u00f3n, Vicent Momp\u00f3, y el diputado de Medio Ambiente, Avelino Mascarell, visitaron hoy la playa de Daim\u00fas, donde comenzaron las labores&#8230;<\/p>\n","protected":false},"author":1,"featured_media":5436,"comment_status":"open","ping_status":"open","sticky":false,"template":"","format":"standard","meta":{"footnotes":""},"categories":[1,27],"tags":[],"class_list":["post-5441","post","type-post","status-publish","format-standard","has-post-thumbnail","hentry","category-actualidad","category-sociedad"],"_links":{"self":[{"href":"https:\/\/infogandia.es\/index.php\/wp-json\/wp\/v2\/posts\/5441","targetHints":{"allow":["GET"]}}],"collection":[{"href":"https:\/\/infogandia.es\/index.php\/wp-json\/wp\/v2\/posts"}],"about":[{"href":"https:\/\/infogandia.es\/index.php\/wp-json\/wp\/v2\/types\/post"}],"author":[{"embeddable":true,"href":"https:\/\/infogandia.es\/index.php\/wp-json\/wp\/v2\/users\/1"}],"replies":[{"embeddable":true,"href":"https:\/\/infogandia.es\/index.php\/wp-json\/wp\/v2\/comments?post=5441"}],"version-history":[{"count":1,"href":"https:\/\/infogandia.es\/index.php\/wp-json\/wp\/v2\/posts\/5441\/revisions"}],"predecessor-version":[{"id":5442,"href":"https:\/\/infogandia.es\/index.php\/wp-json\/wp\/v2\/posts\/5441\/revisions\/5442"}],"wp:featuredmedia":[{"embeddable":true,"href":"https:\/\/infogandia.es\/index.php\/wp-json\/wp\/v2\/media\/5436"}],"wp:attachment":[{"href":"https:\/\/infogandia.es\/index.php\/wp-json\/wp\/v2\/media?parent=5441"}],"wp:term":[{"taxonomy":"category","embeddable":true,"href":"https:\/\/infogandia.es\/index.php\/wp-json\/wp\/v2\/categories?post=5441"},{"taxonomy":"post_tag","embeddable":true,"href":"https:\/\/infogandia.es\/index.php\/wp-json\/wp\/v2\/tags?post=5441"}],"curies":[{"name":"wp","href":"https:\/\/api.w.org\/{rel}","templated":true}]}}