{"id":5460,"date":"2025-01-23T19:36:16","date_gmt":"2025-01-23T19:36:16","guid":{"rendered":"https:\/\/infogandia.es\/?p=5460"},"modified":"2025-01-23T19:36:16","modified_gmt":"2025-01-23T19:36:16","slug":"la-diputacion-de-valencia-presenta-en-fitur-2025-su-estrategia-turistica-con-el-lema-te-mereces-valencia","status":"publish","type":"post","link":"https:\/\/infogandia.es\/index.php\/2025\/01\/23\/la-diputacion-de-valencia-presenta-en-fitur-2025-su-estrategia-turistica-con-el-lema-te-mereces-valencia\/","title":{"rendered":"La Diputaci\u00f3n de Valencia Presenta en FITUR 2025 su Estrategia Tur\u00edstica con el Lema \u2018Te Mereces Valencia\u2019"},"content":{"rendered":"\n<p>La Diputaci\u00f3 de Val\u00e8ncia ha iniciado su participaci\u00f3n en la Feria Internacional de Turismo (FITUR) en Madrid con una clara invitaci\u00f3n: \u201cTe mereces Valencia\u201d. Bajo este eslogan, el presidente Vicent Momp\u00f3 y el diputado de Turismo, Pedro Cuesta, han desgranado las l\u00edneas estrat\u00e9gicas para el a\u00f1o 2025, centradas en la reconstrucci\u00f3n de espacios tur\u00edsticos afectados por fen\u00f3menos naturales, la sostenibilidad y la digitalizaci\u00f3n.<\/p>\n\n\n\n<p>Durante el acto institucional, Momp\u00f3 destac\u00f3 el compromiso de la Diputaci\u00f3n con los municipios afectados por la dana de octubre pasado. \u201cSomos la instituci\u00f3n m\u00e1s cercana a los pueblos y, en momentos dif\u00edciles, nuestro deber es adaptar recursos y acciones para apoyar la recuperaci\u00f3n del turismo, un sector clave para nuestro territorio\u201d, subray\u00f3. En este sentido, se destinar\u00e1n m\u00e1s de dos millones de euros de fondos europeos Next Generation para la recuperaci\u00f3n de zonas de recreo y \u00e1reas naturales del interior, sumados a 300.000 euros propios para reactivar rutas senderistas y espacios tur\u00edsticos da\u00f1ados.<\/p>\n\n\n\n<p><strong>Innovaci\u00f3n y sostenibilidad como ejes principales<\/strong><br>Una de las grandes apuestas presentadas es el nuevo <strong>Hub Inteligente Territorial de Sostenibilidad Tur\u00edstica<\/strong>, que tendr\u00e1 como eje vertebrador el agua. Este proyecto, que emplear\u00e1 tecnolog\u00eda avanzada, procesar\u00e1 datos para redistribuir flujos de visitantes y preservar los recursos naturales. Seg\u00fan explic\u00f3 Momp\u00f3, \u201ceste hub transformar\u00e1 la gesti\u00f3n tur\u00edstica, haciendo un uso eficiente de la informaci\u00f3n y ayudando a evitar la sobreexplotaci\u00f3n de espacios clave\u201d.<\/p>\n\n\n\n<p>Asimismo, se anunci\u00f3 la creaci\u00f3n del <strong>Club de Turismo Gastron\u00f3mico<\/strong>, una iniciativa que conectar\u00e1 alojamientos, restaurantes y productos locales, con el apoyo de Asindown y la Federaci\u00f3n de Hosteler\u00eda de Valencia. Adem\u00e1s, en 2025 se celebrar\u00e1 el primer <strong>Encuentro de Municipios Tur\u00edsticos<\/strong> de la provincia, un evento que abordar\u00e1 soluciones comunes en digitalizaci\u00f3n y sostenibilidad.<\/p>\n\n\n\n<p><strong>Reconocimientos y promoci\u00f3n tur\u00edstica<\/strong><br>El diputado Pedro Cuesta detall\u00f3 las novedades en promoci\u00f3n tur\u00edstica, como los nuevos <strong>Reconocimientos Diputaci\u00f3 de Val\u00e8ncia<\/strong> a la sostenibilidad tur\u00edstica y los <strong>Premios Film Valencia<\/strong>, destinados a destacar los mejores videos de promoci\u00f3n tur\u00edstica de municipios y comarcas. \u201cQueremos reconocer a quienes apuestan por un turismo sostenible y de calidad, tanto en la costa como en el interior\u201d, afirm\u00f3 Cuesta.<\/p>\n\n\n\n<p>La Diputaci\u00f3n continuar\u00e1 apoyando programas ya consolidados, como <strong>Fem Poble<\/strong>, centrado en combatir la despoblaci\u00f3n a trav\u00e9s del turismo; <strong>Birding per l\u2019Interior<\/strong>, para la observaci\u00f3n de aves; y <strong>Fem Cam\u00ed<\/strong>, en colaboraci\u00f3n con la Federaci\u00f3n de Deportes de Monta\u00f1a y Escalada. Tambi\u00e9n se renovar\u00e1n ayudas como las subvenciones <strong>Impulsem Turisme<\/strong> y los viajes de prensa para dar a conocer la oferta tur\u00edstica valenciana.<\/p>\n\n\n\n<p><strong>Una oferta diversa en FITUR<\/strong><br>Val\u00e8ncia Turisme participa en FITUR con una variada programaci\u00f3n que incluye 40 presentaciones profesionales, 21 demostraciones gastron\u00f3micas, 11 actividades folcl\u00f3ricas y talleres infantiles, junto con una destacada presencia en espacios como Fitur Screen, Fitur LGTB+ y Fitur Sports. \u201cLa esencia de nuestra estrategia es combinar humanidad y profesionalidad para reactivar el turismo en nuestra provincia\u201d, concluy\u00f3 Cuesta.<\/p>\n\n\n\n<p>Con estas iniciativas, la Diputaci\u00f3n reafirma su compromiso con el desarrollo sostenible y la recuperaci\u00f3n tur\u00edstica, invitando a todos los visitantes a redescubrir una provincia llena de historia, cultura y naturaleza. <strong>Te mereces Valencia.<\/strong><\/p>\n","protected":false},"excerpt":{"rendered":"<p>La Diputaci\u00f3 de Val\u00e8ncia ha iniciado su participaci\u00f3n en la Feria Internacional de Turismo (FITUR) en Madrid con una clara invitaci\u00f3n: \u201cTe mereces Valencia\u201d. Bajo este eslogan, el presidente Vicent Momp\u00f3 y el diputado de Turismo, Pedro Cuesta, han desgranado las l\u00edneas estrat\u00e9gicas para el a\u00f1o 2025, centradas en la reconstrucci\u00f3n de espacios tur\u00edsticos afectados&#8230;<\/p>\n","protected":false},"author":1,"featured_media":5465,"comment_status":"open","ping_status":"open","sticky":false,"template":"","format":"standard","meta":{"footnotes":""},"categories":[1,3],"tags":[],"class_list":["post-5460","post","type-post","status-publish","format-standard","has-post-thumbnail","hentry","category-actualidad","category-politica"],"_links":{"self":[{"href":"https:\/\/infogandia.es\/index.php\/wp-json\/wp\/v2\/posts\/5460","targetHints":{"allow":["GET"]}}],"collection":[{"href":"https:\/\/infogandia.es\/index.php\/wp-json\/wp\/v2\/posts"}],"about":[{"href":"https:\/\/infogandia.es\/index.php\/wp-json\/wp\/v2\/types\/post"}],"author":[{"embeddable":true,"href":"https:\/\/infogandia.es\/index.php\/wp-json\/wp\/v2\/users\/1"}],"replies":[{"embeddable":true,"href":"https:\/\/infogandia.es\/index.php\/wp-json\/wp\/v2\/comments?post=5460"}],"version-history":[{"count":1,"href":"https:\/\/infogandia.es\/index.php\/wp-json\/wp\/v2\/posts\/5460\/revisions"}],"predecessor-version":[{"id":5468,"href":"https:\/\/infogandia.es\/index.php\/wp-json\/wp\/v2\/posts\/5460\/revisions\/5468"}],"wp:featuredmedia":[{"embeddable":true,"href":"https:\/\/infogandia.es\/index.php\/wp-json\/wp\/v2\/media\/5465"}],"wp:attachment":[{"href":"https:\/\/infogandia.es\/index.php\/wp-json\/wp\/v2\/media?parent=5460"}],"wp:term":[{"taxonomy":"category","embeddable":true,"href":"https:\/\/infogandia.es\/index.php\/wp-json\/wp\/v2\/categories?post=5460"},{"taxonomy":"post_tag","embeddable":true,"href":"https:\/\/infogandia.es\/index.php\/wp-json\/wp\/v2\/tags?post=5460"}],"curies":[{"name":"wp","href":"https:\/\/api.w.org\/{rel}","templated":true}]}}