{"id":5469,"date":"2025-01-23T19:37:38","date_gmt":"2025-01-23T19:37:38","guid":{"rendered":"https:\/\/infogandia.es\/?p=5469"},"modified":"2025-01-23T19:39:45","modified_gmt":"2025-01-23T19:39:45","slug":"xeraco-combina-tradicion-y-creatividad-en-el-fiescrem-2025-el-almuerzo-y-el-arte-como-protagonistas","status":"publish","type":"post","link":"https:\/\/infogandia.es\/index.php\/2025\/01\/23\/xeraco-combina-tradicion-y-creatividad-en-el-fiescrem-2025-el-almuerzo-y-el-arte-como-protagonistas\/","title":{"rendered":"Xeraco Combina Tradici\u00f3n y Creatividad en el Fiescrem 2025: El Almuerzo y el Arte como Protagonistas"},"content":{"rendered":"\n<p>El Ayuntamiento de Xeraco ha presentado en FITUR 2025 el cartel oficial del Fiescrem (Feria del Almuerzo y del Cremaet), un evento que celebra la esencia de la gastronom\u00eda y la identidad cultural valenciana. La pr\u00f3xima edici\u00f3n de esta feria tendr\u00e1 lugar del <strong>1 al 4 de mayo<\/strong> en la playa de Xeraco y promete consolidarse como una cita imprescindible tanto para los amantes de la buena comida como para los entusiastas del arte.<\/p>\n\n\n\n<p>El acto de presentaci\u00f3n, liderado por el alcalde Avelino Mascarell y la concejala de Turismo Mar\u00eda Jos\u00e9 Castell\u00f3, incluy\u00f3 la revelaci\u00f3n del dise\u00f1o del cartel, creado por el artista local <strong>David Marqu\u00e9s<\/strong>. Este a\u00f1o, el cartel capta la esencia del almuerzo mediterr\u00e1neo desde una \u00f3ptica contempor\u00e1nea, conectando tradici\u00f3n y modernidad en una obra que invita al p\u00fablico a descubrir Xeraco.<\/p>\n\n\n\n<p><strong>EsmorzART: La Fusi\u00f3n de Gastronom\u00eda y Arte<\/strong><br>Una de las grandes novedades de este a\u00f1o es <strong>EsmorzART<\/strong>, una propuesta que refuerza el v\u00ednculo entre el arte y la gastronom\u00eda. Seg\u00fan explic\u00f3 la concejala Castell\u00f3, \u201cEsmorzART integra actividades art\u00edsticas con la experiencia del almuerzo, ofreciendo a los visitantes la oportunidad de disfrutar de nuestra gastronom\u00eda mientras se sumergen en un ambiente creativo y cultural\u201d.<\/p>\n\n\n\n<p>Adem\u00e1s, Fiescrem contar\u00e1 con actividades art\u00edsticas durante todo el a\u00f1o, incluyendo los ya consolidados <strong>concursos de pintura<\/strong> y el festival de grafiti <strong>Keep It Written<\/strong>, que han convertido a Xeraco en un referente del arte urbano en la comarca de la Safor.<\/p>\n\n\n\n<p>El alcalde Avelino Mascarell destac\u00f3 el impacto del Fiescrem como una herramienta para dinamizar el turismo fuera de la temporada estival. \u201cEl Fiescrem no solo celebra una de nuestras tradiciones m\u00e1s aut\u00e9nticas, como el almuerzo y el cremaet, sino que refuerza nuestro compromiso con la innovaci\u00f3n y la cultura. Queremos que Xeraco sea conocido como un destino que combina lo mejor de la gastronom\u00eda y el arte.\u201d<\/p>\n\n\n\n<p>Por su parte, Castell\u00f3 subray\u00f3 la relevancia de la feria para la econom\u00eda local: \u201c<strong><em>Este evento es una oportunidad para que tanto vecinos como visitantes redescubran la riqueza cultural de Xeraco, consolidando a nuestro municipio como un destino \u00fanico y aut\u00e9ntico.\u201d<\/em><\/strong><\/p>\n\n\n\n<p><br>El <strong>Fiescrem 2025<\/strong> ofrecer\u00e1 a los asistentes una experiencia inolvidable, con el almuerzo y el cremaet como protagonistas de una tradici\u00f3n que se renueva a trav\u00e9s del arte y la creatividad. La playa de Xeraco ser\u00e1 el escenario de actividades gastron\u00f3micas, exposiciones art\u00edsticas y talleres interactivos que reflejan el car\u00e1cter innovador y acogedor del municipio.<\/p>\n\n\n\n<p>Xeraco invita a todos a sumarse a esta celebraci\u00f3n, donde los sabores tradicionales y las expresiones art\u00edsticas se entrelazan para ofrecer lo mejor de la cultura valenciana. <strong>El Fiescrem 2025 ser\u00e1 una fiesta de autenticidad, creatividad y sabor que no te puedes perder.<\/strong><\/p>\n","protected":false},"excerpt":{"rendered":"<p>El Ayuntamiento de Xeraco ha presentado en FITUR 2025 el cartel oficial del Fiescrem (Feria del Almuerzo y del Cremaet), un evento que celebra la esencia de la gastronom\u00eda y la identidad cultural valenciana. La pr\u00f3xima edici\u00f3n de esta feria tendr\u00e1 lugar del 1 al 4 de mayo en la playa de Xeraco y promete&#8230;<\/p>\n","protected":false},"author":1,"featured_media":5467,"comment_status":"open","ping_status":"open","sticky":false,"template":"","format":"standard","meta":{"footnotes":""},"categories":[1,3,57],"tags":[],"class_list":["post-5469","post","type-post","status-publish","format-standard","has-post-thumbnail","hentry","category-actualidad","category-politica","category-turismo"],"_links":{"self":[{"href":"https:\/\/infogandia.es\/index.php\/wp-json\/wp\/v2\/posts\/5469","targetHints":{"allow":["GET"]}}],"collection":[{"href":"https:\/\/infogandia.es\/index.php\/wp-json\/wp\/v2\/posts"}],"about":[{"href":"https:\/\/infogandia.es\/index.php\/wp-json\/wp\/v2\/types\/post"}],"author":[{"embeddable":true,"href":"https:\/\/infogandia.es\/index.php\/wp-json\/wp\/v2\/users\/1"}],"replies":[{"embeddable":true,"href":"https:\/\/infogandia.es\/index.php\/wp-json\/wp\/v2\/comments?post=5469"}],"version-history":[{"count":1,"href":"https:\/\/infogandia.es\/index.php\/wp-json\/wp\/v2\/posts\/5469\/revisions"}],"predecessor-version":[{"id":5470,"href":"https:\/\/infogandia.es\/index.php\/wp-json\/wp\/v2\/posts\/5469\/revisions\/5470"}],"wp:featuredmedia":[{"embeddable":true,"href":"https:\/\/infogandia.es\/index.php\/wp-json\/wp\/v2\/media\/5467"}],"wp:attachment":[{"href":"https:\/\/infogandia.es\/index.php\/wp-json\/wp\/v2\/media?parent=5469"}],"wp:term":[{"taxonomy":"category","embeddable":true,"href":"https:\/\/infogandia.es\/index.php\/wp-json\/wp\/v2\/categories?post=5469"},{"taxonomy":"post_tag","embeddable":true,"href":"https:\/\/infogandia.es\/index.php\/wp-json\/wp\/v2\/tags?post=5469"}],"curies":[{"name":"wp","href":"https:\/\/api.w.org\/{rel}","templated":true}]}}