{"id":5471,"date":"2025-01-23T19:49:39","date_gmt":"2025-01-23T19:49:39","guid":{"rendered":"https:\/\/infogandia.es\/?p=5471"},"modified":"2025-01-29T10:48:46","modified_gmt":"2025-01-29T10:48:46","slug":"oliva-brilla-en-fitur-2025-con-una-oferta-turistica-global-que-une-gastronomia-fiestas-ocio-y-deporte","status":"publish","type":"post","link":"https:\/\/infogandia.es\/index.php\/2025\/01\/23\/oliva-brilla-en-fitur-2025-con-una-oferta-turistica-global-que-une-gastronomia-fiestas-ocio-y-deporte\/","title":{"rendered":"Oliva Brilla en FITUR 2025 con una Oferta Tur\u00edstica Global que Une Gastronom\u00eda, Fiestas, Ocio y Deporte"},"content":{"rendered":"\n<p>El municipio de Oliva ha cautivado a los visitantes de FITUR 2025, una de las ferias de turismo m\u00e1s importantes del mundo, con una oferta que pone en valor la diversidad y la calidad de su patrimonio cultural, gastron\u00f3mico y deportivo. La presencia de Oliva en esta cita internacional ha estado marcada por el \u00e9xito de las presentaciones y actividades programadas desde el pasado mi\u00e9rcoles 22 hasta el d\u00eda de hoy, consolidando la ciudad como un destino tur\u00edstico de referencia.<\/p>\n\n\n\n<p>Durante estos d\u00edas, la alcaldesa de Oliva, <strong>Yolanda Pastor<\/strong>, acompa\u00f1ada por los concejales de Turismo y Playas, <strong>Salva Llopis<\/strong>, y de Deportes, <strong>Joan Mascarell<\/strong>, ha puesto de manifiesto la riqueza del municipio con una oferta que combina tradici\u00f3n, innovaci\u00f3n y sostenibilidad.<\/p>\n\n\n\n<figure class=\"wp-block-image size-large\"><img fetchpriority=\"high\" decoding=\"async\" width=\"819\" height=\"1024\" src=\"http:\/\/infogandia.es\/wp-content\/uploads\/2025\/01\/FB_IMG_1737661615128-819x1024.jpg\" alt=\"\" class=\"wp-image-5473\" srcset=\"https:\/\/infogandia.es\/wp-content\/uploads\/2025\/01\/FB_IMG_1737661615128-819x1024.jpg 819w, https:\/\/infogandia.es\/wp-content\/uploads\/2025\/01\/FB_IMG_1737661615128-240x300.jpg 240w, https:\/\/infogandia.es\/wp-content\/uploads\/2025\/01\/FB_IMG_1737661615128-768x960.jpg 768w, https:\/\/infogandia.es\/wp-content\/uploads\/2025\/01\/FB_IMG_1737661615128.jpg 1080w\" sizes=\"(max-width: 819px) 100vw, 819px\" \/><\/figure>\n\n\n\n<p>La semana comenz\u00f3 con la presentaci\u00f3n del <strong>6\u00ba Concurso Nacional de Cocas Ciudad de Oliva<\/strong>, un evento que eleva esta especialidad local a un estatus nacional. Adem\u00e1s, el jueves, en el D\u00eda de la Comunidad Valenciana, la presidenta de Gastroliva, <strong>Mapi Barreres<\/strong>, sorprendi\u00f3 con un <strong>showcooking<\/strong> de arroz caldoso con penca y nabo, un plato t\u00edpico que despert\u00f3 el inter\u00e9s de los visitantes por la tradici\u00f3n culinaria de Oliva.<\/p>\n\n\n\n<p>Asimismo, la <strong>Semana Santa de Oliva<\/strong>, declarada de Inter\u00e9s Tur\u00edstico Provincial, ha sido otra protagonista destacada. Ma\u00f1ana, s\u00e1bado 25, la Banda de Cornetas y Tambores &#8216;Nuestro Padre Jes\u00fas Cautivo&#8217; ofrecer\u00e1 una actuaci\u00f3n especial en el pabell\u00f3n de la Comunidad Valenciana, representando esta celebraci\u00f3n emblem\u00e1tica con su m\u00fasica.<\/p>\n\n\n\n<p>Oliva tambi\u00e9n ha destacado en el pabell\u00f3n de FITUR SPORTS, donde se ha presentado como el <strong>\u00fanico municipio de la pen\u00ednsula ib\u00e9rica<\/strong> representado en este espacio. Bajo el lema <strong>\u201cTu destino, tu deporte\u201d<\/strong>, la ciudad ha reforzado su imagen como referente en turismo activo, gracias a sus eventos deportivos de primer nivel y a sus excelentes instalaciones.<\/p>\n\n\n\n<p>El mi\u00e9rcoles 22 se present\u00f3 el <strong>Gran Fondo Alberto Contador<\/strong>, una marcha cicloturista de gran prestigio que tendr\u00e1 lugar el pr\u00f3ximo septiembre en Oliva Nova. El acto, que cont\u00f3 con la presencia de Alberto Contador, ha generado una gran expectaci\u00f3n, posicionando a Oliva como un destino ideal para los amantes del deporte y la naturaleza.<\/p>\n\n\n\n<p>Seg\u00fan el concejal Joan Mascarell, <strong><em>\u201cFITUR SPORTS nos ha permitido mostrar el potencial de Oliva como destino deportivo, no solo por la calidad de nuestros eventos, sino tambi\u00e9n por la colaboraci\u00f3n con empresas y asociaciones locales.\u201d<\/em><\/strong><\/p>\n\n\n\n<p>Uno de los puntos m\u00e1s destacados de esta edici\u00f3n de FITUR ha sido el trabajo conjunto entre el Ayuntamiento de Oliva y el sector privado. Empresas como Oliva Nova Beach &amp; Golf Resort, el Club N\u00e1utico, Oliva Surf o Kiko Park han contribuido a mostrar al mundo una oferta completa que abarca desde servicios de <strong>\u201cglamping\u201d<\/strong> hasta actividades acu\u00e1ticas y deportivas.<\/p>\n\n\n\n<figure class=\"wp-block-embed is-type-video is-provider-youtube wp-block-embed-youtube wp-embed-aspect-16-9 wp-has-aspect-ratio\"><div class=\"wp-block-embed__wrapper\">\n<iframe title=\"OLIVA FITUR 2025\" width=\"640\" height=\"360\" src=\"https:\/\/www.youtube.com\/embed\/qW77voDA0Fc?feature=oembed\" frameborder=\"0\" allow=\"accelerometer; autoplay; clipboard-write; encrypted-media; gyroscope; picture-in-picture; web-share\" referrerpolicy=\"strict-origin-when-cross-origin\" allowfullscreen><\/iframe>\n<\/div><\/figure>\n\n\n\n<p>El concejal de Turismo, Salva Llopis, ha subrayado la importancia de esta colaboraci\u00f3n<em>: \u201c<\/em><strong>Gracias al esfuerzo conjunto, no solo atraeremos m\u00e1s visitantes, sino que conseguiremos fidelizarlos, convirtiendo a Oliva en un destino que invita a volver.\u201d<\/strong><em> <\/em>Tambi\u00e9n se ha destacado como novedad la proyecci\u00f3n de un <strong>v\u00eddeo promocional<\/strong> en la estaci\u00f3n de Atocha de Madrid, una de las m\u00e1s transitadas de la capital espa\u00f1ola, para captar a\u00fan m\u00e1s p\u00fablico.<\/p>\n\n\n\n<p>Otro \u00e9xito ha sido el anuncio de la ampliaci\u00f3n de la temporada tur\u00edstica en las playas de Oliva, con servicios de salvamento activos desde junio hasta septiembre, favoreciendo as\u00ed el turismo fuera de los meses de julio y agosto. Esta iniciativa refuerza la apuesta de Oliva por la <strong>desestacionalizaci\u00f3n tur\u00edstica<\/strong>, aprovechando el buen clima de la comarca de La Safor durante gran parte del a\u00f1o.<\/p>\n\n\n\n<p>Ma\u00f1ana, FITUR 2025 cerrar\u00e1 la participaci\u00f3n de Oliva con la actuaci\u00f3n de la Banda de Cornetas y Tambores &#8216;Nuestro Padre Jes\u00fas Cautivo&#8217;. Esta exhibici\u00f3n pondr\u00e1 el broche final a unos d\u00edas intensos en los que Oliva ha demostrado su potencial como destino tur\u00edstico global.<\/p>\n\n\n\n<p>Con una combinaci\u00f3n de deporte, gastronom\u00eda, tradiciones e innovaci\u00f3n, Oliva ha dejado una huella imborrable en FITUR 2025, consolid\u00e1ndose como un destino \u00fanico en la Comunidad Valenciana.<\/p>\n","protected":false},"excerpt":{"rendered":"<p>El municipio de Oliva ha cautivado a los visitantes de FITUR 2025, una de las ferias de turismo m\u00e1s importantes del mundo, con una oferta que pone en valor la diversidad y la calidad de su patrimonio cultural, gastron\u00f3mico y deportivo. La presencia de Oliva en esta cita internacional ha estado marcada por el \u00e9xito&#8230;<\/p>\n","protected":false},"author":1,"featured_media":5472,"comment_status":"open","ping_status":"open","sticky":false,"template":"","format":"standard","meta":{"footnotes":""},"categories":[1,4,27,57],"tags":[],"class_list":["post-5471","post","type-post","status-publish","format-standard","has-post-thumbnail","hentry","category-actualidad","category-deporte","category-sociedad","category-turismo"],"_links":{"self":[{"href":"https:\/\/infogandia.es\/index.php\/wp-json\/wp\/v2\/posts\/5471","targetHints":{"allow":["GET"]}}],"collection":[{"href":"https:\/\/infogandia.es\/index.php\/wp-json\/wp\/v2\/posts"}],"about":[{"href":"https:\/\/infogandia.es\/index.php\/wp-json\/wp\/v2\/types\/post"}],"author":[{"embeddable":true,"href":"https:\/\/infogandia.es\/index.php\/wp-json\/wp\/v2\/users\/1"}],"replies":[{"embeddable":true,"href":"https:\/\/infogandia.es\/index.php\/wp-json\/wp\/v2\/comments?post=5471"}],"version-history":[{"count":3,"href":"https:\/\/infogandia.es\/index.php\/wp-json\/wp\/v2\/posts\/5471\/revisions"}],"predecessor-version":[{"id":5502,"href":"https:\/\/infogandia.es\/index.php\/wp-json\/wp\/v2\/posts\/5471\/revisions\/5502"}],"wp:featuredmedia":[{"embeddable":true,"href":"https:\/\/infogandia.es\/index.php\/wp-json\/wp\/v2\/media\/5472"}],"wp:attachment":[{"href":"https:\/\/infogandia.es\/index.php\/wp-json\/wp\/v2\/media?parent=5471"}],"wp:term":[{"taxonomy":"category","embeddable":true,"href":"https:\/\/infogandia.es\/index.php\/wp-json\/wp\/v2\/categories?post=5471"},{"taxonomy":"post_tag","embeddable":true,"href":"https:\/\/infogandia.es\/index.php\/wp-json\/wp\/v2\/tags?post=5471"}],"curies":[{"name":"wp","href":"https:\/\/api.w.org\/{rel}","templated":true}]}}